{"id":24996,"date":"2025-09-10T13:39:33","date_gmt":"2025-09-10T19:39:33","guid":{"rendered":"https:\/\/zonalimitrofe-cbnr.com\/?p=24996"},"modified":"2025-09-10T13:39:33","modified_gmt":"2025-09-10T19:39:33","slug":"lerdo-continuan-actividades-en-lerdo-por-la-semana-nacional-de-la-salud-publica","status":"publish","type":"post","link":"https:\/\/zonalimitrofe-cbnr.com\/index.php\/2025\/09\/10\/lerdo-continuan-actividades-en-lerdo-por-la-semana-nacional-de-la-salud-publica\/","title":{"rendered":"#Lerdo. CONTIN\u00daAN ACTIVIDADES EN LERDO POR LA SEMANA NACIONAL DE LA SALUD P\u00daBLICA*"},"content":{"rendered":"\n<p>Lerdo, 10 de septiembre 2025.- En el marco de la &#8220;Semana Nacional de la Salud P\u00fablica en La Laguna de Durango&#8221;, el Ayuntamiento de Lerdo, a trav\u00e9s de la Direcci\u00f3n de Salud Municipal, llev\u00f3 a cabo este mi\u00e9rcoles pl\u00e1ticas de activaci\u00f3n f\u00edsica, nutrici\u00f3n e higiene bucal en la Escuela Primaria Fanny Anitua turno matutino, ubicada en la Colonia Carmen Carre\u00f3n.<\/p>\n\n\n\n<p>Las pl\u00e1ticas estuvieron dirigidas a los alumnos y alumnas de nivel b\u00e1sico, con la finalidad de fomentar h\u00e1bitos saludables desde temprana edad. El Director de Salud Municipal, Dr. Roberto Favela Escobedo, encabez\u00f3 las actividades por instrucciones de la Presidenta Municipal Susy Carolina Torrecillas Salazar, quien ha destacado la importancia de atender la salud infantil como un eje prioritario dentro de las pol\u00edticas p\u00fablicas del municipio.<\/p>\n\n\n\n<p>Durante esta semana, tambi\u00e9n se acudi\u00f3 a la Escuela Primaria Rural \u00c1lvaro Obreg\u00f3n. Las charlas impartidas por personal especializado de la Direcci\u00f3n de Salud subrayaron que la activaci\u00f3n f\u00edsica es esencial para el buen desarrollo del sistema motriz y cardiovascular en los menores, mientras que una adecuada nutrici\u00f3n fortalece el aprendizaje, la memoria y el rendimiento escolar.<\/p>\n\n\n\n<p>Adem\u00e1s, se resalt\u00f3 la relevancia de mantener la higiene bucal como medida b\u00e1sica de prevenci\u00f3n de caries y enfermedades periodontales, que afectan la calidad de vida de los infantes y su autoestima.<\/p>\n\n\n\n<p>Se explic\u00f3 a los estudiantes la importancia de incorporar estas pr\u00e1cticas en su vida diaria y se compartieron consejos pr\u00e1cticos que tambi\u00e9n podr\u00e1n ser aplicados en el seno familiar. De esta manera, el conocimiento adquirido por los ni\u00f1os tiene un efecto multiplicador, ya que llega a los hogares y contribuye a que toda la comunidad se beneficie de la cultura de la prevenci\u00f3n.<\/p>\n\n\n\n<p>El Ayuntamiento de Lerdo reitera que, al enfocarse en la educaci\u00f3n para la salud desde edades tempranas, se busca reducir el riesgo de enfermedades cr\u00f3nicas a futuro, como la diabetes, la hipertensi\u00f3n y la obesidad, que actualmente son uno de los principales retos de la salud p\u00fablica en el pa\u00eds.<\/p>\n\n\n\n<p>La Semana Nacional de la Salud P\u00fablica celebrada del 5 al 12 de septiembre, bajo el lema \u201cUnidos por tu salud, construyendo bienestar\u201d, es un esfuerzo estrat\u00e9gico para garantizar el derecho a la salud y fortalecer la prevenci\u00f3n de enfermedades en toda la poblaci\u00f3n.<\/p>\n\n\n\n<p>El Gobierno Municipal de Lerdo, en coordinaci\u00f3n con la Secretar\u00eda de Salud del Estado de Durango, reitera su compromiso de seguir impulsando actividades que acerquen la salud preventiva a la ciudadan\u00eda, con un enfoque integral que contempla el bienestar f\u00edsico, psicol\u00f3gico y emocional.<\/p>\n","protected":false},"excerpt":{"rendered":"<p>Lerdo, 10 de septiembre 2025.- En el marco de la &#8220;Semana Nacional de la Salud P\u00fablica en La Laguna de Durango&#8221;, el Ayuntamiento de Lerdo, a trav\u00e9s de la Direcci\u00f3n de Salud Municipal, llev\u00f3 a cabo este mi\u00e9rcoles pl\u00e1ticas de activaci\u00f3n f\u00edsica, nutrici\u00f3n e higiene bucal en la Escuela Primaria Fanny Anitua turno matutino, ubicada [&hellip;]<\/p>\n","protected":false},"author":1,"featured_media":24997,"comment_status":"open","ping_status":"open","sticky":false,"template":"","format":"standard","meta":{"_monsterinsights_skip_tracking":false,"_monsterinsights_sitenote_active":false,"_monsterinsights_sitenote_note":"","_monsterinsights_sitenote_category":0,"footnotes":""},"categories":[1],"tags":[],"_links":{"self":[{"href":"https:\/\/zonalimitrofe-cbnr.com\/index.php\/wp-json\/wp\/v2\/posts\/24996"}],"collection":[{"href":"https:\/\/zonalimitrofe-cbnr.com\/index.php\/wp-json\/wp\/v2\/posts"}],"about":[{"href":"https:\/\/zonalimitrofe-cbnr.com\/index.php\/wp-json\/wp\/v2\/types\/post"}],"author":[{"embeddable":true,"href":"https:\/\/zonalimitrofe-cbnr.com\/index.php\/wp-json\/wp\/v2\/users\/1"}],"replies":[{"embeddable":true,"href":"https:\/\/zonalimitrofe-cbnr.com\/index.php\/wp-json\/wp\/v2\/comments?post=24996"}],"version-history":[{"count":1,"href":"https:\/\/zonalimitrofe-cbnr.com\/index.php\/wp-json\/wp\/v2\/posts\/24996\/revisions"}],"predecessor-version":[{"id":24998,"href":"https:\/\/zonalimitrofe-cbnr.com\/index.php\/wp-json\/wp\/v2\/posts\/24996\/revisions\/24998"}],"wp:featuredmedia":[{"embeddable":true,"href":"https:\/\/zonalimitrofe-cbnr.com\/index.php\/wp-json\/wp\/v2\/media\/24997"}],"wp:attachment":[{"href":"https:\/\/zonalimitrofe-cbnr.com\/index.php\/wp-json\/wp\/v2\/media?parent=24996"}],"wp:term":[{"taxonomy":"category","embeddable":true,"href":"https:\/\/zonalimitrofe-cbnr.com\/index.php\/wp-json\/wp\/v2\/categories?post=24996"},{"taxonomy":"post_tag","embeddable":true,"href":"https:\/\/zonalimitrofe-cbnr.com\/index.php\/wp-json\/wp\/v2\/tags?post=24996"}],"curies":[{"name":"wp","href":"https:\/\/api.w.org\/{rel}","templated":true}]}}