{"id":24986,"date":"2025-09-10T13:25:58","date_gmt":"2025-09-10T19:25:58","guid":{"rendered":"https:\/\/zonalimitrofe-cbnr.com\/?p=24986"},"modified":"2025-09-10T13:25:58","modified_gmt":"2025-09-10T19:25:58","slug":"torreon-roman-alberto-cepeda-gonzalez-revisa-operativo-de-seguridad-por-los-festejos-patrios","status":"publish","type":"post","link":"https:\/\/zonalimitrofe-cbnr.com\/index.php\/2025\/09\/10\/torreon-roman-alberto-cepeda-gonzalez-revisa-operativo-de-seguridad-por-los-festejos-patrios\/","title":{"rendered":"#Torre\u00f3n. Rom\u00e1n Alberto Cepeda Gonz\u00e1lez revisa operativo de seguridad por los festejos patrios"},"content":{"rendered":"\n<p>Torre\u00f3n, Coahuila. A 10 de septiembre de 2025.<\/p>\n\n\n\n<p>Durante la trig\u00e9sima cuarta reuni\u00f3n semanal de seguridad, el alcalde Rom\u00e1n Alberto Cepeda Gonz\u00e1lez dio seguimiento a las estrategias proyectadas para resguardar el orden y la paz social durante los festejos del 15 y 16 de septiembre en la ciudad.<\/p>\n\n\n\n<p>Esta ma\u00f1ana, la reuni\u00f3n inici\u00f3 con un homenaje del Alcalde y los integrantes de la mesa de trabajo, recordando con orgullo y respeto a las y los elementos que han entregado su vida en el cumplimiento de su deber, en un memorial instalado en su honor en la Direcci\u00f3n de Seguridad P\u00fablica.<\/p>\n\n\n\n<p>Por otra parte, el Presidente Municipal destac\u00f3 que ha mantenido diversas reuniones de trabajo para la coordinaci\u00f3n de las corporaciones de los tres \u00f3rdenes de Gobierno, tanto para resguardar la seguridad durante la presentaci\u00f3n del grupo musical \u201cIntocable\u201d, el pr\u00f3ximo lunes en la Plaza Mayor, como para el desfile conmemorativo a la Independencia de M\u00e9xico.<\/p>\n\n\n\n<p>\u201cSeguimos fortaleciendo la coordinaci\u00f3n con el gobernador Manolo Jim\u00e9nez Salinas, y trabajando de la mano con las diferentes corporaciones para garantizar la paz y la tranquilidad de todas las familias de Torre\u00f3n, como ha sido en otros eventos de grandes aforos donde la ciudadan\u00eda puede acudir a disfrutar de manera segura\u201d.<\/p>\n\n\n\n<p>Referente al \u00edndice semanal de incidencia delictiva, el comisario Alfredo Flores Originales, director de la Polic\u00eda de Torre\u00f3n, inform\u00f3 que del 2 al 8 de septiembre, disminuy\u00f3 el \u00edndice delictivo en el rubro de robo a casa-habitaci\u00f3n, con seis eventos; robo a veh\u00edculo, con tres eventos; robo a accesorio de veh\u00edculo, con un evento; robo a local comercial con violencia, con cero eventos; robo a persona con violencia, con cero eventos; as\u00ed como en robo a transportista, con cero eventos.<\/p>\n\n\n\n<p>La Polic\u00eda Municipal efectu\u00f3 120 detenciones que fueron remitidas al Ministerio P\u00fablico y 136 al Juez Calificador.<\/p>\n\n\n\n<p>El Grupo de Reacci\u00f3n Torre\u00f3n realiz\u00f3 24 detenciones relacionadas con la posesi\u00f3n de narc\u00f3ticos.<\/p>\n\n\n\n<p>Adem\u00e1s, el Comisario destac\u00f3 que gracias a la labor de monitoreo y videovigilancia, se logr\u00f3 la detenci\u00f3n de una persona por da\u00f1os al medio ambiente, por tirar escombro en lugar indebido.<\/p>\n\n\n\n<p>Marco Prone Ram\u00edrez, director administrativo del Centro de Justicia Municipal (CJM), inform\u00f3 que la dependencia fue nombrada Embajadora Naranja, para trabajar en coordinaci\u00f3n con el Instituto Municipal de la Mujer para prevenir y erradicar la violencia de g\u00e9nero.<\/p>\n\n\n\n<p>Indic\u00f3 que las principales causas de detenci\u00f3n esta semana fueron por persona intoxicada, alterar el orden en v\u00eda p\u00fablica, alterar el orden en estado de ebriedad, e ingerir bebidas alcoh\u00f3licas en la v\u00eda p\u00fablica.<\/p>\n\n\n\n<p>Martha Alicia Faz D\u00e1vila, directora de Tr\u00e1nsito y Vialidad, inform\u00f3 sobre las acciones de Educaci\u00f3n Vial, una de ellas fue la visita de agentes a la Escuela Primaria A\u00f1o de las Am\u00e9ricas T.V., donde impartieron una pl\u00e1tica a 44 alumnos.<\/p>\n\n\n\n<p>Tambi\u00e9n mencion\u00f3 que se encuentra en contacto con el personal de la empresa responsable de la construcci\u00f3n de la obra Abastos-Independencia, para coordinar esfuerzos y garantizar la Seguridad Vial y fluidez vehicular.<\/p>\n\n\n\n<p>Luis Alberto Morales Cort\u00e9s, director general de Vialidad y Movilidad Urbana, destac\u00f3 que el curso en conducci\u00f3n defensiva y preventiva suma 9 mil 750 motociclistas capacitados y 330 generaciones.<\/p>\n\n\n\n<p>Tambi\u00e9n anunci\u00f3 que se prepara una rodada conmemorativa al D\u00eda de la Independencia, como parte de las estrategias para seguir fomentando la movilidad no motorizada.<\/p>\n\n\n\n<p>Jorge Luis Ju\u00e1rez Llanas, director de Protecci\u00f3n Civil y Bomberos, dijo que esta semana se atendieron 147 servicios por parte de las diferentes estaciones de la corporaci\u00f3n.<\/p>\n\n\n\n<p>De igual forma, dio a conocer las acciones realizadas debido a las lluvias registradas el fin de semana, con labores de desag\u00fce en \u00e1reas anegadas, y limpieza de bocas de tormenta.<\/p>\n\n\n\n<p>En las revisiones a la Feria, el director mencion\u00f3 que se inspeccionaron 38 juegos mec\u00e1nicos y 77 establecimientos.<\/p>\n\n\n\n<p>Pablo Fern\u00e1ndez Llamas, director de Inspecci\u00f3n y Verificaci\u00f3n, se\u00f1al\u00f3 que los principales reportes que recibi\u00f3 la dependencia mediante el sistema 073, fueron por obstrucci\u00f3n en la v\u00eda p\u00fablica, con nueve; y veh\u00edculos chatarra, con 23<\/p>\n","protected":false},"excerpt":{"rendered":"<p>Torre\u00f3n, Coahuila. A 10 de septiembre de 2025. Durante la trig\u00e9sima cuarta reuni\u00f3n semanal de seguridad, el alcalde Rom\u00e1n Alberto Cepeda Gonz\u00e1lez dio seguimiento a las estrategias proyectadas para resguardar el orden y la paz social durante los festejos del 15 y 16 de septiembre en la ciudad. Esta ma\u00f1ana, la reuni\u00f3n inici\u00f3 con un [&hellip;]<\/p>\n","protected":false},"author":1,"featured_media":24987,"comment_status":"open","ping_status":"open","sticky":false,"template":"","format":"standard","meta":{"_monsterinsights_skip_tracking":false,"_monsterinsights_sitenote_active":false,"_monsterinsights_sitenote_note":"","_monsterinsights_sitenote_category":0,"footnotes":""},"categories":[1],"tags":[],"_links":{"self":[{"href":"https:\/\/zonalimitrofe-cbnr.com\/index.php\/wp-json\/wp\/v2\/posts\/24986"}],"collection":[{"href":"https:\/\/zonalimitrofe-cbnr.com\/index.php\/wp-json\/wp\/v2\/posts"}],"about":[{"href":"https:\/\/zonalimitrofe-cbnr.com\/index.php\/wp-json\/wp\/v2\/types\/post"}],"author":[{"embeddable":true,"href":"https:\/\/zonalimitrofe-cbnr.com\/index.php\/wp-json\/wp\/v2\/users\/1"}],"replies":[{"embeddable":true,"href":"https:\/\/zonalimitrofe-cbnr.com\/index.php\/wp-json\/wp\/v2\/comments?post=24986"}],"version-history":[{"count":1,"href":"https:\/\/zonalimitrofe-cbnr.com\/index.php\/wp-json\/wp\/v2\/posts\/24986\/revisions"}],"predecessor-version":[{"id":24988,"href":"https:\/\/zonalimitrofe-cbnr.com\/index.php\/wp-json\/wp\/v2\/posts\/24986\/revisions\/24988"}],"wp:featuredmedia":[{"embeddable":true,"href":"https:\/\/zonalimitrofe-cbnr.com\/index.php\/wp-json\/wp\/v2\/media\/24987"}],"wp:attachment":[{"href":"https:\/\/zonalimitrofe-cbnr.com\/index.php\/wp-json\/wp\/v2\/media?parent=24986"}],"wp:term":[{"taxonomy":"category","embeddable":true,"href":"https:\/\/zonalimitrofe-cbnr.com\/index.php\/wp-json\/wp\/v2\/categories?post=24986"},{"taxonomy":"post_tag","embeddable":true,"href":"https:\/\/zonalimitrofe-cbnr.com\/index.php\/wp-json\/wp\/v2\/tags?post=24986"}],"curies":[{"name":"wp","href":"https:\/\/api.w.org\/{rel}","templated":true}]}}