{"id":24983,"date":"2025-09-10T13:23:07","date_gmt":"2025-09-10T19:23:07","guid":{"rendered":"https:\/\/zonalimitrofe-cbnr.com\/?p=24983"},"modified":"2025-09-10T13:23:07","modified_gmt":"2025-09-10T19:23:07","slug":"lerdo-inicia-segunda-etapa-de-reforestacion-de-plaza-principal","status":"publish","type":"post","link":"https:\/\/zonalimitrofe-cbnr.com\/index.php\/2025\/09\/10\/lerdo-inicia-segunda-etapa-de-reforestacion-de-plaza-principal\/","title":{"rendered":"#Lerdo. INICIA SEGUNDA ETAPA DE REFORESTACI\u00d3N DE PLAZA PRINCIPAL*"},"content":{"rendered":"\n<p>Lerdo, 10 de septiembre 2025.- La direcci\u00f3n de Servicios P\u00fablicos, a trav\u00e9s de las \u00e1reas de Reforestaci\u00f3n, Parques y Jardines, contin\u00faa con la campa\u00f1a de rehabilitaci\u00f3n de las jardineras en la Plaza de Armas, donde se llevan a cabo acciones de reforestaci\u00f3n y mantenimiento de \u00e1reas verdes con el objetivo de recobrar la esencia de la Ciudad Jard\u00edn.<\/p>\n\n\n\n<p>Esta semana inici\u00f3 la plantaci\u00f3n de 17 nuevas especies, entre ellas Fresno Americano, Lila Canela y L\u00e1grimas de San Pedro, las cuales se suman a las 13 jacarandas ya sembradas en distintos cuadrantes del espacio p\u00fablico.<\/p>\n\n\n\n<p>Lourdes Castil Rivas, encargada del \u00e1rea de Reforestaci\u00f3n, explic\u00f3 que los trabajos no se limitan \u00fanicamente a la siembra de \u00e1rboles, sino que incluyen poda, fertilizaci\u00f3n, deshierbe, riego y limpieza de los ejemplares ya existentes. Estas labores, asegur\u00f3, son supervisadas de manera constante por la Presidenta Municipal Susy Carolina Torrecillas Salazar, durante su arribo matutino a la Presidencia Municipal de Lerdo.<\/p>\n\n\n\n<p>Finalmente, se exhort\u00f3 a la ciudadan\u00eda a colaborar en el cuidado de la Plaza de Armas evitando ingresar a las \u00e1reas verdes, no arrojar basura y proteger los nuevos \u00e1rboles en su etapa de crecimiento.<\/p>\n","protected":false},"excerpt":{"rendered":"<p>Lerdo, 10 de septiembre 2025.- La direcci\u00f3n de Servicios P\u00fablicos, a trav\u00e9s de las \u00e1reas de Reforestaci\u00f3n, Parques y Jardines, contin\u00faa con la campa\u00f1a de rehabilitaci\u00f3n de las jardineras en la Plaza de Armas, donde se llevan a cabo acciones de reforestaci\u00f3n y mantenimiento de \u00e1reas verdes con el objetivo de recobrar la esencia de [&hellip;]<\/p>\n","protected":false},"author":1,"featured_media":24984,"comment_status":"open","ping_status":"open","sticky":false,"template":"","format":"standard","meta":{"_monsterinsights_skip_tracking":false,"_monsterinsights_sitenote_active":false,"_monsterinsights_sitenote_note":"","_monsterinsights_sitenote_category":0,"footnotes":""},"categories":[1],"tags":[],"_links":{"self":[{"href":"https:\/\/zonalimitrofe-cbnr.com\/index.php\/wp-json\/wp\/v2\/posts\/24983"}],"collection":[{"href":"https:\/\/zonalimitrofe-cbnr.com\/index.php\/wp-json\/wp\/v2\/posts"}],"about":[{"href":"https:\/\/zonalimitrofe-cbnr.com\/index.php\/wp-json\/wp\/v2\/types\/post"}],"author":[{"embeddable":true,"href":"https:\/\/zonalimitrofe-cbnr.com\/index.php\/wp-json\/wp\/v2\/users\/1"}],"replies":[{"embeddable":true,"href":"https:\/\/zonalimitrofe-cbnr.com\/index.php\/wp-json\/wp\/v2\/comments?post=24983"}],"version-history":[{"count":1,"href":"https:\/\/zonalimitrofe-cbnr.com\/index.php\/wp-json\/wp\/v2\/posts\/24983\/revisions"}],"predecessor-version":[{"id":24985,"href":"https:\/\/zonalimitrofe-cbnr.com\/index.php\/wp-json\/wp\/v2\/posts\/24983\/revisions\/24985"}],"wp:featuredmedia":[{"embeddable":true,"href":"https:\/\/zonalimitrofe-cbnr.com\/index.php\/wp-json\/wp\/v2\/media\/24984"}],"wp:attachment":[{"href":"https:\/\/zonalimitrofe-cbnr.com\/index.php\/wp-json\/wp\/v2\/media?parent=24983"}],"wp:term":[{"taxonomy":"category","embeddable":true,"href":"https:\/\/zonalimitrofe-cbnr.com\/index.php\/wp-json\/wp\/v2\/categories?post=24983"},{"taxonomy":"post_tag","embeddable":true,"href":"https:\/\/zonalimitrofe-cbnr.com\/index.php\/wp-json\/wp\/v2\/tags?post=24983"}],"curies":[{"name":"wp","href":"https:\/\/api.w.org\/{rel}","templated":true}]}}