{"id":24920,"date":"2025-09-08T16:21:42","date_gmt":"2025-09-08T22:21:42","guid":{"rendered":"https:\/\/zonalimitrofe-cbnr.com\/?p=24920"},"modified":"2025-09-08T16:21:43","modified_gmt":"2025-09-08T22:21:43","slug":"lerdo-lleva-servicios-publicos-brigadas-de-trabajo-a-nazareno","status":"publish","type":"post","link":"https:\/\/zonalimitrofe-cbnr.com\/index.php\/2025\/09\/08\/lerdo-lleva-servicios-publicos-brigadas-de-trabajo-a-nazareno\/","title":{"rendered":"#Lerdo. LLEVA SERVICIOS P\u00daBLICOS BRIGADAS DE TRABAJO A NAZARENO*"},"content":{"rendered":"\n<p>Lerdo, 08 de septiembre 2025.- Por indicaciones de la Presidenta Municipal, Susy Carolina Torrecillas Salazar, la direcci\u00f3n de Servicios P\u00fablicos llev\u00f3 a cabo el pasado s\u00e1bado una brigada de trabajo en la Villa de Nazareno, a trav\u00e9s de las \u00e1reas de Bacheo y Parques y Jardines.<\/p>\n\n\n\n<p>El titular de la dependencia, Jorge Alberto Silva, inform\u00f3 que estas acciones se realizaron en beneficio directo de los habitantes, atendiendo los reportes ciudadanos mediante brigadas de bacheo en diversos puntos, adem\u00e1s de dar inicio a la rehabilitaci\u00f3n del complejo donde se ubica la plaza principal, la presidencia de villa y el centro comunitario.<\/p>\n\n\n\n<p>De igual manera, el pasado fin de semana se realizaron trabajos de limpieza y poda en el Centro Comunitario de Santa Anita, con el objetivo de mantener en \u00f3ptimas condiciones los espacios p\u00fablicos para el esparcimiento de las familias.<\/p>\n\n\n\n<p>Asimismo, el domingo 07 de septiembre, tras la conclusi\u00f3n de la carrera atl\u00e9tica desarrollada en el Boulevard Miguel Alem\u00e1n, cuadrillas de Servicios P\u00fablicos realizaron labores de recolecci\u00f3n de basura en los puntos de hidrataci\u00f3n y alrededores, garantizando el orden y la limpieza en la ciudad.<\/p>\n\n\n\n<p>Las \u00e1reas de Servicios P\u00fablicos refrendan su compromiso con la ciudadan\u00eda y se mantienen atentos a las indicaciones de la Presidenta Municipal, Susy Torrecillas Salazar, quien ha instruido redoblar esfuerzos para preservar la buena imagen en el municipio de Lerdo.<\/p>\n","protected":false},"excerpt":{"rendered":"<p>Lerdo, 08 de septiembre 2025.- Por indicaciones de la Presidenta Municipal, Susy Carolina Torrecillas Salazar, la direcci\u00f3n de Servicios P\u00fablicos llev\u00f3 a cabo el pasado s\u00e1bado una brigada de trabajo en la Villa de Nazareno, a trav\u00e9s de las \u00e1reas de Bacheo y Parques y Jardines. El titular de la dependencia, Jorge Alberto Silva, inform\u00f3 [&hellip;]<\/p>\n","protected":false},"author":1,"featured_media":24921,"comment_status":"open","ping_status":"open","sticky":false,"template":"","format":"standard","meta":{"_monsterinsights_skip_tracking":false,"_monsterinsights_sitenote_active":false,"_monsterinsights_sitenote_note":"","_monsterinsights_sitenote_category":0,"footnotes":""},"categories":[1],"tags":[],"_links":{"self":[{"href":"https:\/\/zonalimitrofe-cbnr.com\/index.php\/wp-json\/wp\/v2\/posts\/24920"}],"collection":[{"href":"https:\/\/zonalimitrofe-cbnr.com\/index.php\/wp-json\/wp\/v2\/posts"}],"about":[{"href":"https:\/\/zonalimitrofe-cbnr.com\/index.php\/wp-json\/wp\/v2\/types\/post"}],"author":[{"embeddable":true,"href":"https:\/\/zonalimitrofe-cbnr.com\/index.php\/wp-json\/wp\/v2\/users\/1"}],"replies":[{"embeddable":true,"href":"https:\/\/zonalimitrofe-cbnr.com\/index.php\/wp-json\/wp\/v2\/comments?post=24920"}],"version-history":[{"count":1,"href":"https:\/\/zonalimitrofe-cbnr.com\/index.php\/wp-json\/wp\/v2\/posts\/24920\/revisions"}],"predecessor-version":[{"id":24922,"href":"https:\/\/zonalimitrofe-cbnr.com\/index.php\/wp-json\/wp\/v2\/posts\/24920\/revisions\/24922"}],"wp:featuredmedia":[{"embeddable":true,"href":"https:\/\/zonalimitrofe-cbnr.com\/index.php\/wp-json\/wp\/v2\/media\/24921"}],"wp:attachment":[{"href":"https:\/\/zonalimitrofe-cbnr.com\/index.php\/wp-json\/wp\/v2\/media?parent=24920"}],"wp:term":[{"taxonomy":"category","embeddable":true,"href":"https:\/\/zonalimitrofe-cbnr.com\/index.php\/wp-json\/wp\/v2\/categories?post=24920"},{"taxonomy":"post_tag","embeddable":true,"href":"https:\/\/zonalimitrofe-cbnr.com\/index.php\/wp-json\/wp\/v2\/tags?post=24920"}],"curies":[{"name":"wp","href":"https:\/\/api.w.org\/{rel}","templated":true}]}}