{"id":24914,"date":"2025-09-08T16:17:56","date_gmt":"2025-09-08T22:17:56","guid":{"rendered":"https:\/\/zonalimitrofe-cbnr.com\/?p=24914"},"modified":"2025-09-08T16:17:57","modified_gmt":"2025-09-08T22:17:57","slug":"durango-con-respaldo-de-la-presidenta-claudia-esteban-villegas-impulsa-con-700-mdp-la-modernizacion-del-centro-integral-de-ganaderia","status":"publish","type":"post","link":"https:\/\/zonalimitrofe-cbnr.com\/index.php\/2025\/09\/08\/durango-con-respaldo-de-la-presidenta-claudia-esteban-villegas-impulsa-con-700-mdp-la-modernizacion-del-centro-integral-de-ganaderia\/","title":{"rendered":"#Durango. Con respaldo de la Presidenta Claudia, Esteban Villegas impulsa con 700 mdp la modernizaci\u00f3n del Centro Integral de Ganader\u00eda*"},"content":{"rendered":"\n<p>\u2022 _El Centro contar\u00e1 con paneles solares, redes de fr\u00edo, almacenes ampliados y corrales modernos para eficientar la producci\u00f3n._<\/p>\n\n\n\n<p>\u2022 _El proyecto tambi\u00e9n contempla mejoras en gen\u00e9tica, cr\u00e9ditos accesibles y apoyos directos para elevar la calidad del ganado._<\/p>\n\n\n\n<p>\u2022 _Con esta estrategia, Durango fortalece su competitividad ganadera en los mercados nacional e internacional._<\/p>\n\n\n\n<p>Con acuerdos hist\u00f3ricos alcanzados tras reuniones con la Presidenta Claudia Sheinbaum Pardo, el gobernador Esteban Villegas Villarreal destac\u00f3 que con la inversi\u00f3n de 700 millones de pesos se pondr\u00e1 en marcha el programa integral para fortalecer la producci\u00f3n ganadera en Durango. Como parte de este impulso, se iniciar\u00e1 la modernizaci\u00f3n del Centro Integral de Ganader\u00eda en Ciudad Pecuaria, que se convertir\u00e1 en un referente nacional para la industria c\u00e1rnica.<\/p>\n\n\n\n<p>Villegas Villarreal detall\u00f3 que el proyecto contempla modernizar instalaciones, colocar paneles solares, construir redes de fr\u00edo, ampliar almacenes y corrales. \u201cSer\u00e1 el mejor Centro Integral de Ganader\u00eda del pa\u00eds, con capacidad para vender carne en pie y en corte, y se estima una inversi\u00f3n de 160 millones de pesos solo en esta primera vertiente\u201d, puntualiz\u00f3.<\/p>\n\n\n\n<p>Explic\u00f3 que el plan se desarrolla en coordinaci\u00f3n con la Uni\u00f3n Ganadera y con el respaldo de la Secretar\u00eda de Agricultura y Desarrollo Rural del Gobierno de M\u00e9xico, encabezada por Julio Berdegu\u00e9 Sacrist\u00e1n y el subsecretario Leonel Cota Monta\u00f1o, con el objetivo de mejorar la calidad del ganado y dar facilidades a los peque\u00f1os productores.<\/p>\n\n\n\n<p>En este esquema tambi\u00e9n se incluye el fortalecimiento gen\u00e9tico con la aportaci\u00f3n de sementales de hasta 70 mil pesos. El modelo de apoyo ser\u00e1 compartido: 25 por ciento lo cubrir\u00e1 el Estado, 25 por ciento la Federaci\u00f3n y 50 por ciento los productores. Para facilitar su acceso, habr\u00e1 cr\u00e9ditos con subsidios que reducir\u00e1n las tasas al 8.5 por ciento anual, tanto para la compra de sementales como para la engorda del ganado.<\/p>\n\n\n\n<p>\u201cEste esquema permitir\u00e1 que los peque\u00f1os productores tengan acceso a financiamiento accesible y, adem\u00e1s, se les pague mejor por kilo de ganado, ya sea al precio de la subasta o al valor en pie del momento\u201d, explic\u00f3 el Gobernador.<\/p>\n\n\n\n<p>Record\u00f3 que en reuniones previas con los gobernadores de Sonora y Coahuila, as\u00ed como con representantes de las uniones ganaderas, se reconoci\u00f3 el valor de Rogelio Soto, de la UGRD, por exponer con claridad la situaci\u00f3n del sector en Durango y lograr resultados que hoy ya benefician a la entidad.<\/p>\n\n\n\n<p>Finalmente, el Ejecutivo Estatal asegur\u00f3 que el programa contempla otras vertientes que se ir\u00e1n presentando, enfocadas en productores que se dedican exclusivamente a la engorda, con el prop\u00f3sito de que todos obtengan beneficios y se fortalezca la econom\u00eda en el campo duranguense.<\/p>\n","protected":false},"excerpt":{"rendered":"<p>\u2022 _El Centro contar\u00e1 con paneles solares, redes de fr\u00edo, almacenes ampliados y corrales modernos para eficientar la producci\u00f3n._ \u2022 _El proyecto tambi\u00e9n contempla mejoras en gen\u00e9tica, cr\u00e9ditos accesibles y apoyos directos para elevar la calidad del ganado._ \u2022 _Con esta estrategia, Durango fortalece su competitividad ganadera en los mercados nacional e internacional._ Con acuerdos [&hellip;]<\/p>\n","protected":false},"author":1,"featured_media":24915,"comment_status":"open","ping_status":"open","sticky":false,"template":"","format":"standard","meta":{"_monsterinsights_skip_tracking":false,"_monsterinsights_sitenote_active":false,"_monsterinsights_sitenote_note":"","_monsterinsights_sitenote_category":0,"footnotes":""},"categories":[1],"tags":[],"_links":{"self":[{"href":"https:\/\/zonalimitrofe-cbnr.com\/index.php\/wp-json\/wp\/v2\/posts\/24914"}],"collection":[{"href":"https:\/\/zonalimitrofe-cbnr.com\/index.php\/wp-json\/wp\/v2\/posts"}],"about":[{"href":"https:\/\/zonalimitrofe-cbnr.com\/index.php\/wp-json\/wp\/v2\/types\/post"}],"author":[{"embeddable":true,"href":"https:\/\/zonalimitrofe-cbnr.com\/index.php\/wp-json\/wp\/v2\/users\/1"}],"replies":[{"embeddable":true,"href":"https:\/\/zonalimitrofe-cbnr.com\/index.php\/wp-json\/wp\/v2\/comments?post=24914"}],"version-history":[{"count":1,"href":"https:\/\/zonalimitrofe-cbnr.com\/index.php\/wp-json\/wp\/v2\/posts\/24914\/revisions"}],"predecessor-version":[{"id":24916,"href":"https:\/\/zonalimitrofe-cbnr.com\/index.php\/wp-json\/wp\/v2\/posts\/24914\/revisions\/24916"}],"wp:featuredmedia":[{"embeddable":true,"href":"https:\/\/zonalimitrofe-cbnr.com\/index.php\/wp-json\/wp\/v2\/media\/24915"}],"wp:attachment":[{"href":"https:\/\/zonalimitrofe-cbnr.com\/index.php\/wp-json\/wp\/v2\/media?parent=24914"}],"wp:term":[{"taxonomy":"category","embeddable":true,"href":"https:\/\/zonalimitrofe-cbnr.com\/index.php\/wp-json\/wp\/v2\/categories?post=24914"},{"taxonomy":"post_tag","embeddable":true,"href":"https:\/\/zonalimitrofe-cbnr.com\/index.php\/wp-json\/wp\/v2\/tags?post=24914"}],"curies":[{"name":"wp","href":"https:\/\/api.w.org\/{rel}","templated":true}]}}