{"id":24911,"date":"2025-09-08T16:16:23","date_gmt":"2025-09-08T22:16:23","guid":{"rendered":"https:\/\/zonalimitrofe-cbnr.com\/?p=24911"},"modified":"2025-09-08T16:16:23","modified_gmt":"2025-09-08T22:16:23","slug":"lerdo-susy-torrrecillas-dara-el-grito-con-la-zenda-nortena","status":"publish","type":"post","link":"https:\/\/zonalimitrofe-cbnr.com\/index.php\/2025\/09\/08\/lerdo-susy-torrrecillas-dara-el-grito-con-la-zenda-nortena\/","title":{"rendered":"#Lerdo. SUSY TORRRECILLAS DAR\u00c1 EL GRITO CON LA ZENDA NORTE\u00d1A*"},"content":{"rendered":"\n<p>Lerdo, 08 de septiembre 2025.- La Presidenta Municipal Susy Carolina Torrecillas Salazar dio a conocer este lunes que, el grupo musical \u201cLa Zenda Norte\u00f1a\u201d amenizar\u00e1 las festividades patrias el pr\u00f3ximo 15 de septiembre, para conmemorar el 215 aniversario de la Independencia Mexicana.<\/p>\n\n\n\n<p>\u201cVamos a invitar a La Zenda Norte\u00f1a, que nos va a estar acompa\u00f1ando, amenizando. Va a ser una fiesta muy bonita, en donde vamos a tener toda la seguridad y la protecci\u00f3n para las familias\u201d<\/p>\n\n\n\n<p>As\u00ed mismo, comparti\u00f3 que, como es costumbre, el acto c\u00edvico se llevar\u00e1 a cabo en el Sal\u00f3n Azul donde se contar\u00e1 con la participaci\u00f3n de SEDENA (Secretar\u00eda de la Defensa Nacional). Mientras que en la plaza se contar\u00e1 con una gran fiesta patri\u00f3tica, bailes folcl\u00f3ricos, entre otras actividades.<\/p>\n\n\n\n<p>\u201cHago la invitaci\u00f3n para que el pr\u00f3ximo d\u00eda 15 de septiembre en una m\u00e1gica verbena popular y patri\u00f3tica, que vamos a hacer aqu\u00ed en la plaza de Lerdo, todos nos puedan estar acompa\u00f1ando\u201d<\/p>\n\n\n\n<p>La Alcaldesa de Lerdo, Susy Torrecillas, dio a conocer que en pr\u00f3ximos d\u00edas se compartir\u00e1 el programa de las actividades y los eventos de las festividades patrias.<\/p>\n\n\n\n<p>\u201cVamos a hacer todo un programa cultural de eventos, no solamente aqu\u00ed en la ciudad, sino en todas las villas y comunidades, y vamos a tener presencia como nunca en todo el territorio de Lerdo\u201d declar\u00f3 SCTS.<\/p>\n","protected":false},"excerpt":{"rendered":"<p>Lerdo, 08 de septiembre 2025.- La Presidenta Municipal Susy Carolina Torrecillas Salazar dio a conocer este lunes que, el grupo musical \u201cLa Zenda Norte\u00f1a\u201d amenizar\u00e1 las festividades patrias el pr\u00f3ximo 15 de septiembre, para conmemorar el 215 aniversario de la Independencia Mexicana. \u201cVamos a invitar a La Zenda Norte\u00f1a, que nos va a estar acompa\u00f1ando, [&hellip;]<\/p>\n","protected":false},"author":1,"featured_media":24912,"comment_status":"open","ping_status":"open","sticky":false,"template":"","format":"standard","meta":{"_monsterinsights_skip_tracking":false,"_monsterinsights_sitenote_active":false,"_monsterinsights_sitenote_note":"","_monsterinsights_sitenote_category":0,"footnotes":""},"categories":[1],"tags":[],"_links":{"self":[{"href":"https:\/\/zonalimitrofe-cbnr.com\/index.php\/wp-json\/wp\/v2\/posts\/24911"}],"collection":[{"href":"https:\/\/zonalimitrofe-cbnr.com\/index.php\/wp-json\/wp\/v2\/posts"}],"about":[{"href":"https:\/\/zonalimitrofe-cbnr.com\/index.php\/wp-json\/wp\/v2\/types\/post"}],"author":[{"embeddable":true,"href":"https:\/\/zonalimitrofe-cbnr.com\/index.php\/wp-json\/wp\/v2\/users\/1"}],"replies":[{"embeddable":true,"href":"https:\/\/zonalimitrofe-cbnr.com\/index.php\/wp-json\/wp\/v2\/comments?post=24911"}],"version-history":[{"count":1,"href":"https:\/\/zonalimitrofe-cbnr.com\/index.php\/wp-json\/wp\/v2\/posts\/24911\/revisions"}],"predecessor-version":[{"id":24913,"href":"https:\/\/zonalimitrofe-cbnr.com\/index.php\/wp-json\/wp\/v2\/posts\/24911\/revisions\/24913"}],"wp:featuredmedia":[{"embeddable":true,"href":"https:\/\/zonalimitrofe-cbnr.com\/index.php\/wp-json\/wp\/v2\/media\/24912"}],"wp:attachment":[{"href":"https:\/\/zonalimitrofe-cbnr.com\/index.php\/wp-json\/wp\/v2\/media?parent=24911"}],"wp:term":[{"taxonomy":"category","embeddable":true,"href":"https:\/\/zonalimitrofe-cbnr.com\/index.php\/wp-json\/wp\/v2\/categories?post=24911"},{"taxonomy":"post_tag","embeddable":true,"href":"https:\/\/zonalimitrofe-cbnr.com\/index.php\/wp-json\/wp\/v2\/tags?post=24911"}],"curies":[{"name":"wp","href":"https:\/\/api.w.org\/{rel}","templated":true}]}}