{"id":24899,"date":"2025-09-08T16:04:20","date_gmt":"2025-09-08T22:04:20","guid":{"rendered":"https:\/\/zonalimitrofe-cbnr.com\/?p=24899"},"modified":"2025-09-08T16:04:21","modified_gmt":"2025-09-08T22:04:21","slug":"durango-convocatoria-2025-profesionalizando-durango-al-mundo-vertiente-fomento-emprendedor","status":"publish","type":"post","link":"https:\/\/zonalimitrofe-cbnr.com\/index.php\/2025\/09\/08\/durango-convocatoria-2025-profesionalizando-durango-al-mundo-vertiente-fomento-emprendedor\/","title":{"rendered":"#Durango. Convocatoria 2025: Profesionalizando Durango al Mundo, vertiente Fomento Emprendedor*"},"content":{"rendered":"\n<p>Comarca Lagunera.- Fernando Rosas Palafox, Secretario de Desarrollo Econ\u00f3mico, dio a conocer la convocatoria \u201cProfesionalizando Durango al Mundo 2025\u201d, en su vertiente Fomento Emprendedor, cuyo prop\u00f3sito es brindar a las y los emprendedores herramientas para su profesionalizaci\u00f3n y contribuir al fortalecimiento del sector empresarial en la entidad.<\/p>\n\n\n\n<p>De acuerdo con Rosas Palafox, este programa se enmarca en las acciones impulsadas por la administraci\u00f3n del gobernador Esteban Villegas Villarreal para consolidar un ecosistema empresarial m\u00e1s competitivo, mediante capacitaci\u00f3n, formalizaci\u00f3n y acceso a oportunidades de crecimiento.<\/p>\n\n\n\n<p>La convocatoria contempla capacitaci\u00f3n empresarial presencial en temas de formalidad, administraci\u00f3n y finanzas para la toma de decisiones. Durante la capacitaci\u00f3n, cada participante elaborar\u00e1 un plan de negocios que ser\u00e1 evaluado t\u00e9cnicamente para determinar su viabilidad. Al finalizar, se entregar\u00e1 una constancia de participaci\u00f3n emitida por la SEDECO.<\/p>\n\n\n\n<p>Asimismo, los emprendedores que cumplan con los requisitos tendr\u00e1n acceso preferente a un programa de formalizaci\u00f3n empresarial, que incluye capacitaci\u00f3n contable y fiscal, acompa\u00f1amiento para alta en el SAT y apoyo en la presentaci\u00f3n de primeras declaraciones fiscales.<\/p>\n\n\n\n<p>La convocatoria est\u00e1 abierta a emprendedores de todo el estado de Durango y tendr\u00e1 sedes en los municipios de Guadalupe Victoria y G\u00f3mez Palacio.<\/p>\n\n\n\n<p>Guadalupe Victoria: Ca\u00f1ada Jos\u00e9 Ram\u00f3n Valdez #212, zona centro, Lobby del Auditorio Municipal Luis Donaldo Colosio.<\/p>\n\n\n\n<p>G\u00f3mez Palacio: Calle Escobedo #155, Colonia Centro.<\/p>\n\n\n\n<p>Podr\u00e1n participar personas mayores de edad con una idea de negocio definida o en etapa inicial de emprendimiento, presentando identificaci\u00f3n oficial, comprobante de domicilio y el formato de registro que proporciona la SEDECO.<\/p>\n\n\n\n<p>La recepci\u00f3n de solicitudes estar\u00e1 abierta hasta el 12 de septiembre de 2025, mientras que el inicio de la capacitaci\u00f3n ser\u00e1 el 22 de septiembre en G\u00f3mez Palacio y Guadalupe Victoria, en un horario de 4:00 p.m. a 8:00 p.m.<\/p>\n\n\n\n<p>Con este programa, indic\u00f3 el funcionario estatal que el Gobierno del Estado reafirma su compromiso de impulsar a los emprendedores duranguenses, otorgando herramientas que les permitan profesionalizarse y acceder a mayores oportunidades de desarrollo econ\u00f3mico.<\/p>\n","protected":false},"excerpt":{"rendered":"<p>Comarca Lagunera.- Fernando Rosas Palafox, Secretario de Desarrollo Econ\u00f3mico, dio a conocer la convocatoria \u201cProfesionalizando Durango al Mundo 2025\u201d, en su vertiente Fomento Emprendedor, cuyo prop\u00f3sito es brindar a las y los emprendedores herramientas para su profesionalizaci\u00f3n y contribuir al fortalecimiento del sector empresarial en la entidad. De acuerdo con Rosas Palafox, este programa se [&hellip;]<\/p>\n","protected":false},"author":1,"featured_media":24900,"comment_status":"open","ping_status":"open","sticky":false,"template":"","format":"standard","meta":{"_monsterinsights_skip_tracking":false,"_monsterinsights_sitenote_active":false,"_monsterinsights_sitenote_note":"","_monsterinsights_sitenote_category":0,"footnotes":""},"categories":[1],"tags":[],"_links":{"self":[{"href":"https:\/\/zonalimitrofe-cbnr.com\/index.php\/wp-json\/wp\/v2\/posts\/24899"}],"collection":[{"href":"https:\/\/zonalimitrofe-cbnr.com\/index.php\/wp-json\/wp\/v2\/posts"}],"about":[{"href":"https:\/\/zonalimitrofe-cbnr.com\/index.php\/wp-json\/wp\/v2\/types\/post"}],"author":[{"embeddable":true,"href":"https:\/\/zonalimitrofe-cbnr.com\/index.php\/wp-json\/wp\/v2\/users\/1"}],"replies":[{"embeddable":true,"href":"https:\/\/zonalimitrofe-cbnr.com\/index.php\/wp-json\/wp\/v2\/comments?post=24899"}],"version-history":[{"count":1,"href":"https:\/\/zonalimitrofe-cbnr.com\/index.php\/wp-json\/wp\/v2\/posts\/24899\/revisions"}],"predecessor-version":[{"id":24901,"href":"https:\/\/zonalimitrofe-cbnr.com\/index.php\/wp-json\/wp\/v2\/posts\/24899\/revisions\/24901"}],"wp:featuredmedia":[{"embeddable":true,"href":"https:\/\/zonalimitrofe-cbnr.com\/index.php\/wp-json\/wp\/v2\/media\/24900"}],"wp:attachment":[{"href":"https:\/\/zonalimitrofe-cbnr.com\/index.php\/wp-json\/wp\/v2\/media?parent=24899"}],"wp:term":[{"taxonomy":"category","embeddable":true,"href":"https:\/\/zonalimitrofe-cbnr.com\/index.php\/wp-json\/wp\/v2\/categories?post=24899"},{"taxonomy":"post_tag","embeddable":true,"href":"https:\/\/zonalimitrofe-cbnr.com\/index.php\/wp-json\/wp\/v2\/tags?post=24899"}],"curies":[{"name":"wp","href":"https:\/\/api.w.org\/{rel}","templated":true}]}}