{"id":24850,"date":"2025-09-06T13:27:48","date_gmt":"2025-09-06T19:27:48","guid":{"rendered":"https:\/\/zonalimitrofe-cbnr.com\/?p=24850"},"modified":"2025-09-06T13:27:48","modified_gmt":"2025-09-06T19:27:48","slug":"torreon-presentan-luana-nuevo-sencillo-y-videoclip-de-cadereira-ve-la-luz-en-casa-mudejar","status":"publish","type":"post","link":"https:\/\/zonalimitrofe-cbnr.com\/index.php\/2025\/09\/06\/torreon-presentan-luana-nuevo-sencillo-y-videoclip-de-cadereira-ve-la-luz-en-casa-mudejar\/","title":{"rendered":"#Torre\u00f3n. Presentan \u201cLuana\u201d, nuevo sencillo y videoclip de Cadereira ve la luz en Casa Mud\u00e9jar"},"content":{"rendered":"\n<p>Torre\u00f3n, Coahuila. A 06 de septiembre de 2025<\/p>\n\n\n\n<p>Casa Mud\u00e9jar fue el escenario en el que se celebr\u00f3 la presentaci\u00f3n ante el p\u00fablico y la prensa del nuevo sencillo y videoclip \u201cLuana\u201d del grupo lagunero Cadereira, en una invitaci\u00f3n realizada por el Ayuntamiento de Torre\u00f3n, a trav\u00e9s del Instituto Municipal de Cultura y Educaci\u00f3n (IMCE).<\/p>\n\n\n\n<p>Antonio M\u00e9ndez Vigat\u00e1, titular del instituto, destac\u00f3 que la velada consisti\u00f3 en la proyecci\u00f3n oficial del videoclip, seguida de una ronda de comentarios que ofreci\u00f3 al p\u00fablico una mirada \u00edntima al proceso creativo detr\u00e1s de este proyecto.<\/p>\n\n\n\n<p>Cadereira es un proyecto musical originario de Torre\u00f3n que mezcla cumbia, reggae, pop y psicodelia. Liderado por el compositor y cantante Marcelo Gamboa Becerra, quien comenz\u00f3 el proyecto en 2010, la banda se ha solidificado con la colaboraci\u00f3n de otros m\u00fasicos laguneros, logrando un sonido potente y org\u00e1nico. Su propuesta se caracteriza por la originalidad y el tono p\u00edcaro de sus letras.<\/p>\n\n\n\n<p>El nuevo sencillo \u201cLuana\u201d, es una canci\u00f3n especial compuesta por Marcelo Gamboa y su esposa. La pieza fue grabada en el legendario estudio Sonic Ranch en Texas, donde fue elegida como la mejor canci\u00f3n en un seminario de producci\u00f3n musical impartido por el reconocido productor argentino Eduardo Bergallo (Soda Stereo, Gustavo Cerati, Natalia Lafourcade).<\/p>\n\n\n\n<p>El videoclip, dirigido por el productor y director lagunero Manolo Velasco de \u201cLa Facultad\u201d (Yoga Pants, G\u00fcerita Cumbianchera), se grab\u00f3 en locaciones ic\u00f3nicas de La Laguna como el Mercado de las Flores, la avenida Col\u00f3n y La Ruta de las Noas, ofreciendo una narrativa visual que celebra la regi\u00f3n.<\/p>\n\n\n\n<p>Cabe mencionar que la producci\u00f3n del tema cont\u00f3 con la participaci\u00f3n de talentos de talla internacional como el ingeniero de grabaci\u00f3n colombiano Kiko Castro, ganador de m\u00faltiples Grammys, as\u00ed como m\u00fasicos de Argentina y Colombia, quienes aportaron arreglos que dotan a la canci\u00f3n de un estilo \u00fanico que fusiona R&amp;B, funk e indie.<\/p>\n\n\n\n<p>Este tipo de eventos, destac\u00f3 el director, son parte del inter\u00e9s de la Administraci\u00f3n Municipal del alcalde Rom\u00e1n Alberto Cepeda Gonz\u00e1lez, por apoyar las diferentes expresiones art\u00edsticas y culturales.<\/p>\n","protected":false},"excerpt":{"rendered":"<p>Torre\u00f3n, Coahuila. A 06 de septiembre de 2025 Casa Mud\u00e9jar fue el escenario en el que se celebr\u00f3 la presentaci\u00f3n ante el p\u00fablico y la prensa del nuevo sencillo y videoclip \u201cLuana\u201d del grupo lagunero Cadereira, en una invitaci\u00f3n realizada por el Ayuntamiento de Torre\u00f3n, a trav\u00e9s del Instituto Municipal de Cultura y Educaci\u00f3n (IMCE). [&hellip;]<\/p>\n","protected":false},"author":1,"featured_media":24851,"comment_status":"open","ping_status":"open","sticky":false,"template":"","format":"standard","meta":{"_monsterinsights_skip_tracking":false,"_monsterinsights_sitenote_active":false,"_monsterinsights_sitenote_note":"","_monsterinsights_sitenote_category":0,"footnotes":""},"categories":[1],"tags":[],"_links":{"self":[{"href":"https:\/\/zonalimitrofe-cbnr.com\/index.php\/wp-json\/wp\/v2\/posts\/24850"}],"collection":[{"href":"https:\/\/zonalimitrofe-cbnr.com\/index.php\/wp-json\/wp\/v2\/posts"}],"about":[{"href":"https:\/\/zonalimitrofe-cbnr.com\/index.php\/wp-json\/wp\/v2\/types\/post"}],"author":[{"embeddable":true,"href":"https:\/\/zonalimitrofe-cbnr.com\/index.php\/wp-json\/wp\/v2\/users\/1"}],"replies":[{"embeddable":true,"href":"https:\/\/zonalimitrofe-cbnr.com\/index.php\/wp-json\/wp\/v2\/comments?post=24850"}],"version-history":[{"count":1,"href":"https:\/\/zonalimitrofe-cbnr.com\/index.php\/wp-json\/wp\/v2\/posts\/24850\/revisions"}],"predecessor-version":[{"id":24852,"href":"https:\/\/zonalimitrofe-cbnr.com\/index.php\/wp-json\/wp\/v2\/posts\/24850\/revisions\/24852"}],"wp:featuredmedia":[{"embeddable":true,"href":"https:\/\/zonalimitrofe-cbnr.com\/index.php\/wp-json\/wp\/v2\/media\/24851"}],"wp:attachment":[{"href":"https:\/\/zonalimitrofe-cbnr.com\/index.php\/wp-json\/wp\/v2\/media?parent=24850"}],"wp:term":[{"taxonomy":"category","embeddable":true,"href":"https:\/\/zonalimitrofe-cbnr.com\/index.php\/wp-json\/wp\/v2\/categories?post=24850"},{"taxonomy":"post_tag","embeddable":true,"href":"https:\/\/zonalimitrofe-cbnr.com\/index.php\/wp-json\/wp\/v2\/tags?post=24850"}],"curies":[{"name":"wp","href":"https:\/\/api.w.org\/{rel}","templated":true}]}}