{"id":24838,"date":"2025-09-06T13:18:42","date_gmt":"2025-09-06T19:18:42","guid":{"rendered":"https:\/\/zonalimitrofe-cbnr.com\/?p=24838"},"modified":"2025-09-06T13:18:42","modified_gmt":"2025-09-06T19:18:42","slug":"torreon-desarrollo-social-invita-a-talleres-en-los-centros-comunitarios-de-nueva-california-y-la-perla","status":"publish","type":"post","link":"https:\/\/zonalimitrofe-cbnr.com\/index.php\/2025\/09\/06\/torreon-desarrollo-social-invita-a-talleres-en-los-centros-comunitarios-de-nueva-california-y-la-perla\/","title":{"rendered":"#Torre\u00f3n. Desarrollo Social invita a talleres en los Centros Comunitarios de Nueva California y La Perla"},"content":{"rendered":"\n<p><strong>Torre\u00f3n, Coahuila. A 6 de septiembre de 2025.- <\/strong>Con la finalidad de facilitar a la ciudadan\u00eda oportunidades para capacitarse y aprender nuevas habilidades, la Administraci\u00f3n Municipal a trav\u00e9s de la Direcci\u00f3n de Desarrollo Social, invita a participar en los diferentes talleres de los Centros Comunitarios de Nueva California y La Perla. Ana del Toro Mu\u00f1oz, directora del Paseo Col\u00f3n y Centros Comunitarios de la dependencia, dio a conocer que los cursos que iniciaron esta semana, tendr\u00e1n una duraci\u00f3n de un a\u00f1o, y forman parte de los convenios con el Centro de Capacitaci\u00f3n para el Trabajo Industrial (CECATI) 85, con el objetivo de impulsar el desarrollo personal, laboral y social de los asistentes. Indic\u00f3 que en el Centro Comunitario Nueva California se ofrecen tres opciones de capacitaci\u00f3n: Administraci\u00f3n, que se imparte los mi\u00e9rcoles de 09:00 a 13:00 horas; Electricidad, programado los lunes y martes en el mismo horario; y Estilismo, que se lleva a cabo los lunes y jueves de 16:00 a 20:00 horas. Mientras tanto, el Centro Comunitario La Perla pone a disposici\u00f3n el curso de computaci\u00f3n que se ofrece los lunes, mi\u00e9rcoles y viernes de 08:00 a 13:00 horas. Adem\u00e1s, el taller de computaci\u00f3n para personas con discapacidad, en los mismos d\u00edas, pero en un horario especial de 08:00 a 11:00 horas. La funcionaria inform\u00f3 que cada m\u00f3dulo tiene una duraci\u00f3n de tres meses y un costo accesible de 450 pesos, lo que permite a la poblaci\u00f3n obtener conocimientos pr\u00e1cticos que podr\u00e1n aplicar en la vida cotidiana o en la b\u00fasqueda de oportunidades laborales. Destac\u00f3 que estos cursos forman parte del compromiso del alcalde de Torre\u00f3n, Rom\u00e1n Alberto Cepeda Gonz\u00e1lez, por fortalecer el tejido social mediante el acceso a actividades educativas y de capacitaci\u00f3n que contribuyan al bienestar de la ciudadan\u00eda. Del Toro Mu\u00f1oz invit\u00f3 a los interesados a acercarse a las instalaciones de los Centros Comunitarios: Nueva California, ubicado en el bulevar El Faro n\u00famero 730, colonia Villa California; y La Perla, en bulevar La Libertad n\u00famero 2, Santa Sofia, en La Perla. Tambi\u00e9n pueden comunicarse a los tel\u00e9fonos 871 203 3343 y 871 945 4001, para inscribirse o solicitar m\u00e1s informaci\u00f3n.<\/p>\n","protected":false},"excerpt":{"rendered":"<p>Torre\u00f3n, Coahuila. A 6 de septiembre de 2025.- Con la finalidad de facilitar a la ciudadan\u00eda oportunidades para capacitarse y aprender nuevas habilidades, la Administraci\u00f3n Municipal a trav\u00e9s de la Direcci\u00f3n de Desarrollo Social, invita a participar en los diferentes talleres de los Centros Comunitarios de Nueva California y La Perla. Ana del Toro Mu\u00f1oz, [&hellip;]<\/p>\n","protected":false},"author":1,"featured_media":24839,"comment_status":"open","ping_status":"open","sticky":false,"template":"","format":"standard","meta":{"_monsterinsights_skip_tracking":false,"_monsterinsights_sitenote_active":false,"_monsterinsights_sitenote_note":"","_monsterinsights_sitenote_category":0,"footnotes":""},"categories":[1],"tags":[],"_links":{"self":[{"href":"https:\/\/zonalimitrofe-cbnr.com\/index.php\/wp-json\/wp\/v2\/posts\/24838"}],"collection":[{"href":"https:\/\/zonalimitrofe-cbnr.com\/index.php\/wp-json\/wp\/v2\/posts"}],"about":[{"href":"https:\/\/zonalimitrofe-cbnr.com\/index.php\/wp-json\/wp\/v2\/types\/post"}],"author":[{"embeddable":true,"href":"https:\/\/zonalimitrofe-cbnr.com\/index.php\/wp-json\/wp\/v2\/users\/1"}],"replies":[{"embeddable":true,"href":"https:\/\/zonalimitrofe-cbnr.com\/index.php\/wp-json\/wp\/v2\/comments?post=24838"}],"version-history":[{"count":1,"href":"https:\/\/zonalimitrofe-cbnr.com\/index.php\/wp-json\/wp\/v2\/posts\/24838\/revisions"}],"predecessor-version":[{"id":24840,"href":"https:\/\/zonalimitrofe-cbnr.com\/index.php\/wp-json\/wp\/v2\/posts\/24838\/revisions\/24840"}],"wp:featuredmedia":[{"embeddable":true,"href":"https:\/\/zonalimitrofe-cbnr.com\/index.php\/wp-json\/wp\/v2\/media\/24839"}],"wp:attachment":[{"href":"https:\/\/zonalimitrofe-cbnr.com\/index.php\/wp-json\/wp\/v2\/media?parent=24838"}],"wp:term":[{"taxonomy":"category","embeddable":true,"href":"https:\/\/zonalimitrofe-cbnr.com\/index.php\/wp-json\/wp\/v2\/categories?post=24838"},{"taxonomy":"post_tag","embeddable":true,"href":"https:\/\/zonalimitrofe-cbnr.com\/index.php\/wp-json\/wp\/v2\/tags?post=24838"}],"curies":[{"name":"wp","href":"https:\/\/api.w.org\/{rel}","templated":true}]}}