{"id":24822,"date":"2025-09-05T16:47:31","date_gmt":"2025-09-05T22:47:31","guid":{"rendered":"https:\/\/zonalimitrofe-cbnr.com\/?p=24822"},"modified":"2025-09-05T16:47:31","modified_gmt":"2025-09-05T22:47:31","slug":"lerdo-instruye-scts-retiro-de-arboles-secos-que-representan-riesgo-para-la-poblacion","status":"publish","type":"post","link":"https:\/\/zonalimitrofe-cbnr.com\/index.php\/2025\/09\/05\/lerdo-instruye-scts-retiro-de-arboles-secos-que-representan-riesgo-para-la-poblacion\/","title":{"rendered":"#Lerdo. INSTRUYE SCTS RETIRO DE \u00c1RBOLES SECOS QUE REPRESENTAN RIESGO PARA LA POBLACI\u00d3N*"},"content":{"rendered":"\n<p>Lerdo, 05 de septiembre 2025.- El pasado jueves, la direcci\u00f3n de Servicios P\u00fablicos en Lerdo dio inicio a un programa de retiro de \u00e1rboles secos en el primer cuadro de la ciudad, as\u00ed como de aquellos que representan un riesgo de ca\u00edda. Esta acci\u00f3n tiene como objetivo identificar las especies que han cumplido con su ciclo de vida o que, por cuestiones climatol\u00f3gicas, ya no se encuentran en condiciones seguras.<\/p>\n\n\n\n<p>La Presidenta Municipal, Susy Carolina Torrecillas Salazar, ha reiterado en diversas ocasiones que el programa de reforestaci\u00f3n ser\u00e1 amplio, con el inter\u00e9s de recobrar la imagen de &#8220;Ciudad Jard\u00edn&#8221;. Por ello, a trav\u00e9s de las direcciones de Servicios P\u00fablicos y Medio Ambiente, se trabaja de manera coordinada para cumplir con esta encomienda.<\/p>\n\n\n\n<p>El titular de la dependencia, Jorge Silva Loera, puntualiz\u00f3 que estos trabajos tienen como \u00fanico prop\u00f3sito reforzar las labores de reforestaci\u00f3n en la ciudad, ya que, una vez retirado el \u00e1rbol, se adecuar\u00e1 el espacio para que vuelva a ser utilizado con una nueva plantaci\u00f3n.<\/p>\n\n\n\n<p>De igual manera, el retiro de \u00e1rboles en mal estado abona a la prevenci\u00f3n de accidentes que pudieran suscitarse durante la temporada de lluvias y fuertes r\u00e1fagas de viento, reduciendo riesgos para transe\u00fantes, viviendas y comercios del primer cuadro de la ciudad.<\/p>\n\n\n\n<p>Por otro lado, la reforestaci\u00f3n en la plaza principal de la ciudad, avanza con la plantaci\u00f3n de 18 Jacarandas, tan solo en una jardinera, acciones que se continuar\u00e1n replicando a fin de abarcar todo este espacio p\u00fablico.<\/p>\n","protected":false},"excerpt":{"rendered":"<p>Lerdo, 05 de septiembre 2025.- El pasado jueves, la direcci\u00f3n de Servicios P\u00fablicos en Lerdo dio inicio a un programa de retiro de \u00e1rboles secos en el primer cuadro de la ciudad, as\u00ed como de aquellos que representan un riesgo de ca\u00edda. Esta acci\u00f3n tiene como objetivo identificar las especies que han cumplido con su [&hellip;]<\/p>\n","protected":false},"author":1,"featured_media":24823,"comment_status":"open","ping_status":"open","sticky":false,"template":"","format":"standard","meta":{"_monsterinsights_skip_tracking":false,"_monsterinsights_sitenote_active":false,"_monsterinsights_sitenote_note":"","_monsterinsights_sitenote_category":0,"footnotes":""},"categories":[1],"tags":[],"_links":{"self":[{"href":"https:\/\/zonalimitrofe-cbnr.com\/index.php\/wp-json\/wp\/v2\/posts\/24822"}],"collection":[{"href":"https:\/\/zonalimitrofe-cbnr.com\/index.php\/wp-json\/wp\/v2\/posts"}],"about":[{"href":"https:\/\/zonalimitrofe-cbnr.com\/index.php\/wp-json\/wp\/v2\/types\/post"}],"author":[{"embeddable":true,"href":"https:\/\/zonalimitrofe-cbnr.com\/index.php\/wp-json\/wp\/v2\/users\/1"}],"replies":[{"embeddable":true,"href":"https:\/\/zonalimitrofe-cbnr.com\/index.php\/wp-json\/wp\/v2\/comments?post=24822"}],"version-history":[{"count":1,"href":"https:\/\/zonalimitrofe-cbnr.com\/index.php\/wp-json\/wp\/v2\/posts\/24822\/revisions"}],"predecessor-version":[{"id":24824,"href":"https:\/\/zonalimitrofe-cbnr.com\/index.php\/wp-json\/wp\/v2\/posts\/24822\/revisions\/24824"}],"wp:featuredmedia":[{"embeddable":true,"href":"https:\/\/zonalimitrofe-cbnr.com\/index.php\/wp-json\/wp\/v2\/media\/24823"}],"wp:attachment":[{"href":"https:\/\/zonalimitrofe-cbnr.com\/index.php\/wp-json\/wp\/v2\/media?parent=24822"}],"wp:term":[{"taxonomy":"category","embeddable":true,"href":"https:\/\/zonalimitrofe-cbnr.com\/index.php\/wp-json\/wp\/v2\/categories?post=24822"},{"taxonomy":"post_tag","embeddable":true,"href":"https:\/\/zonalimitrofe-cbnr.com\/index.php\/wp-json\/wp\/v2\/tags?post=24822"}],"curies":[{"name":"wp","href":"https:\/\/api.w.org\/{rel}","templated":true}]}}