{"id":24805,"date":"2025-09-05T16:32:09","date_gmt":"2025-09-05T22:32:09","guid":{"rendered":"https:\/\/zonalimitrofe-cbnr.com\/?p=24805"},"modified":"2025-09-05T16:32:09","modified_gmt":"2025-09-05T22:32:09","slug":"iec-participa-iec-en-firma-de-convenio-de-colaboracion-para-organizacion-del-parlamento-estudiantil-2025","status":"publish","type":"post","link":"https:\/\/zonalimitrofe-cbnr.com\/index.php\/2025\/09\/05\/iec-participa-iec-en-firma-de-convenio-de-colaboracion-para-organizacion-del-parlamento-estudiantil-2025\/","title":{"rendered":"#IEC. Participa IEC en firma de Convenio de Colaboraci\u00f3n para organizaci\u00f3n del Parlamento Estudiantil 2025"},"content":{"rendered":"\n<p>El Instituto Electoral de Coahuila (IEC), el Poder Legislativo del Estado, la Junta Local Ejecutiva del Instituto Nacional Electoral (INE), la Secretar\u00eda de Educaci\u00f3n (Sedu) en la entidad y el Consejo Estatal de Ciencia y Tecnolog\u00eda (Coecyt), firmaron la ma\u00f1ana de este viernes 05 de septiembre un Convenio de Colaboraci\u00f3n con el objetivo de organizar, difundir y realizar el Parlamento Estudiantil 2025.<\/p>\n\n\n\n<p>La finalidad de llevar a cabo el Parlamento Estudiantil 2025, en el que se elegir\u00e1 democr\u00e1ticamente a 25 diputadas y diputados estudiantiles, es promover espacios de participaci\u00f3n ciudadana donde las y los j\u00f3venes coahuilenses puedan manifestar sus ideas y propuestas en torno a temas de relevancia p\u00fablica, as\u00ed como conocer las funciones y atribuciones que desempe\u00f1an las y los legisladores locales.<\/p>\n\n\n\n<p>El Convenio en menci\u00f3n fue suscrito por \u00d3scar Daniel Rodr\u00edguez Fuentes y Gerardo Blanco Guerra, Presidente y Secretario Ejecutivo del IEC, respectivamente; la Diputada Luz Elena Guadalupe Morales N\u00fa\u00f1ez, Presidenta de la Junta de Gobierno del Congreso del Estado; Jos\u00e9 Luis V\u00e1zquez L\u00f3pez, Vocal Ejecutivo de la Junta Local Ejecutiva del INE en Coahuila; el Secretario de Educaci\u00f3n, Emanuel Jos\u00e9 de Jes\u00fas Garza Fishburn; y el Director General del Coecyt, Mario Prudencio Vald\u00e9s Garza.<\/p>\n\n\n\n<p>Adem\u00e1s, como testigos de honor, firmaron el Convenio Emilio Humberto Flores Hoyos, en representaci\u00f3n de Inspira Coahuila; y las diputadas Mar\u00eda del Mar Trevi\u00f1o Garza y Magaly Hern\u00e1ndez Aguirre.<\/p>\n\n\n\n<p>Por parte del IEC tambi\u00e9n estuvieron presentes en el evento Juan Carlos Cisneros Ruiz y Beatriz Eugenia Rodr\u00edguez Villanueva, integrantes del Consejo General; as\u00ed como funcionariado de la Direcci\u00f3n Ejecutiva de Educaci\u00f3n C\u00edvica.<\/p>\n\n\n\n<p>La convocatoria para la integraci\u00f3n del Parlamento Estudiantil 2025 estar\u00e1 vigente del 05 al 30 de septiembre de 2025. Podr\u00e1n participar estudiantes de educaci\u00f3n secundaria de la entidad, quienes deber\u00e1n realizar un video en el que se exponga una problem\u00e1tica y se d\u00e9 una propuesta de soluci\u00f3n en torno a temas como prevenci\u00f3n y atenci\u00f3n del acoso escolar, participaci\u00f3n ciudadana y transparencia, inteligencia artificial y \u00e9tica digital, innovaci\u00f3n y revoluci\u00f3n c\u00edvica, interculturalidad y marco legal.<\/p>\n\n\n\n<p>Los mejores videos seleccionados por Distrito Local Electoral ser\u00e1n votados por el alumnado de escuelas de educaci\u00f3n secundaria a trav\u00e9s del sufragio libre y secreto en urnas electr\u00f3nicas del IEC, siendo ganador el video que obtenga m\u00e1s votos. Las constancias de mayor\u00eda para las y los diputados juveniles electos se llevar\u00e1 a cabo el 29 de octubre de 2025.<\/p>\n\n\n\n<p>Las y los j\u00f3venes interesados en participar pueden consultar la informaci\u00f3n completa en las redes sociales y p\u00e1ginas oficiales de las instituciones organizadoras.<\/p>\n","protected":false},"excerpt":{"rendered":"<p>El Instituto Electoral de Coahuila (IEC), el Poder Legislativo del Estado, la Junta Local Ejecutiva del Instituto Nacional Electoral (INE), la Secretar\u00eda de Educaci\u00f3n (Sedu) en la entidad y el Consejo Estatal de Ciencia y Tecnolog\u00eda (Coecyt), firmaron la ma\u00f1ana de este viernes 05 de septiembre un Convenio de Colaboraci\u00f3n con el objetivo de organizar, [&hellip;]<\/p>\n","protected":false},"author":1,"featured_media":24806,"comment_status":"open","ping_status":"open","sticky":false,"template":"","format":"standard","meta":{"_monsterinsights_skip_tracking":false,"_monsterinsights_sitenote_active":false,"_monsterinsights_sitenote_note":"","_monsterinsights_sitenote_category":0,"footnotes":""},"categories":[1],"tags":[],"_links":{"self":[{"href":"https:\/\/zonalimitrofe-cbnr.com\/index.php\/wp-json\/wp\/v2\/posts\/24805"}],"collection":[{"href":"https:\/\/zonalimitrofe-cbnr.com\/index.php\/wp-json\/wp\/v2\/posts"}],"about":[{"href":"https:\/\/zonalimitrofe-cbnr.com\/index.php\/wp-json\/wp\/v2\/types\/post"}],"author":[{"embeddable":true,"href":"https:\/\/zonalimitrofe-cbnr.com\/index.php\/wp-json\/wp\/v2\/users\/1"}],"replies":[{"embeddable":true,"href":"https:\/\/zonalimitrofe-cbnr.com\/index.php\/wp-json\/wp\/v2\/comments?post=24805"}],"version-history":[{"count":1,"href":"https:\/\/zonalimitrofe-cbnr.com\/index.php\/wp-json\/wp\/v2\/posts\/24805\/revisions"}],"predecessor-version":[{"id":24807,"href":"https:\/\/zonalimitrofe-cbnr.com\/index.php\/wp-json\/wp\/v2\/posts\/24805\/revisions\/24807"}],"wp:featuredmedia":[{"embeddable":true,"href":"https:\/\/zonalimitrofe-cbnr.com\/index.php\/wp-json\/wp\/v2\/media\/24806"}],"wp:attachment":[{"href":"https:\/\/zonalimitrofe-cbnr.com\/index.php\/wp-json\/wp\/v2\/media?parent=24805"}],"wp:term":[{"taxonomy":"category","embeddable":true,"href":"https:\/\/zonalimitrofe-cbnr.com\/index.php\/wp-json\/wp\/v2\/categories?post=24805"},{"taxonomy":"post_tag","embeddable":true,"href":"https:\/\/zonalimitrofe-cbnr.com\/index.php\/wp-json\/wp\/v2\/tags?post=24805"}],"curies":[{"name":"wp","href":"https:\/\/api.w.org\/{rel}","templated":true}]}}