{"id":24802,"date":"2025-09-05T16:30:16","date_gmt":"2025-09-05T22:30:16","guid":{"rendered":"https:\/\/zonalimitrofe-cbnr.com\/?p=24802"},"modified":"2025-09-05T16:30:17","modified_gmt":"2025-09-05T22:30:17","slug":"lerdo-realizan-en-lerdo-primera-sesion-extraordinaria-de-cabildo","status":"publish","type":"post","link":"https:\/\/zonalimitrofe-cbnr.com\/index.php\/2025\/09\/05\/lerdo-realizan-en-lerdo-primera-sesion-extraordinaria-de-cabildo\/","title":{"rendered":"#Lerdo. REALIZAN EN LERDO PRIMERA SESI\u00d3N EXTRAORDINARIA DE CABILDO*"},"content":{"rendered":"\n<p>\u2022 SCTS toma protesta a titulares de los sistemas descentralizados SAPAL Y DIF<\/p>\n\n\n\n<p>Lerdo, 05 de septiembre 2025.- Este viernes se desarroll\u00f3 la Primera Sesi\u00f3n Extraordinaria de Cabildo en el lobby del Teatro Hermila Galindo. La Presidenta Municipal Susy Carolina Torrecillas Salazar declar\u00f3 quorum legal a las 8:36 hrs y dio inicio a la sesi\u00f3n validando los trabajos realizados.<\/p>\n\n\n\n<p>Los integrantes del H. Cabildo aprobaron por unanimidad la ratificaci\u00f3n de la integraci\u00f3n del Consejo Directivo del Sistema de Agua Potable y Alcantarillado de Lerdo (S.A.P.A.L.), as\u00ed como el nombramiento del Ing. Juan Antonio S\u00e1nchez L\u00f3pez como director general del S.A.P.A.L., Administraci\u00f3n 2022 &#8211; 2028, conforme a los art\u00edculos 33 y 52 de la Ley Org\u00e1nica del Municipio Libre del Estado de Durango.<\/p>\n\n\n\n<p>Posteriormente, se tom\u00f3 protesta a la C.P. Rita Irasema Loza Covarrubias como directora general del DIF, y al Lic. Jes\u00fas Moctezuma Quintana Armijo como Coordinador General del Comit\u00e9 de Planeaci\u00f3n para el Desarrollo Municipal (COPLADEM), Administraci\u00f3n 2025-2028.<\/p>\n\n\n\n<p>La Presidenta Municipal Susy Torrecillas exhort\u00f3 a los nuevos directores, y a los regidores del H. Cabildo para trabajar unidos y a favor de los habitantes del municipio.<\/p>\n\n\n\n<p>\u201cLos lerdenses tienen confianza en todo este \u00d3rgano Colegiado, en toda la Administraci\u00f3n P\u00fablica que hoy me honro en presidir, y con mucho compromiso seguir\u00e9 trabajando con honestidad, transparencia y mucha responsabilidad\u201d comparti\u00f3 SCTS, y dio por concluida la sesi\u00f3n de Cabildo a las 9:05 hrs.<\/p>\n","protected":false},"excerpt":{"rendered":"<p>\u2022 SCTS toma protesta a titulares de los sistemas descentralizados SAPAL Y DIF Lerdo, 05 de septiembre 2025.- Este viernes se desarroll\u00f3 la Primera Sesi\u00f3n Extraordinaria de Cabildo en el lobby del Teatro Hermila Galindo. La Presidenta Municipal Susy Carolina Torrecillas Salazar declar\u00f3 quorum legal a las 8:36 hrs y dio inicio a la sesi\u00f3n [&hellip;]<\/p>\n","protected":false},"author":1,"featured_media":24803,"comment_status":"open","ping_status":"open","sticky":false,"template":"","format":"standard","meta":{"_monsterinsights_skip_tracking":false,"_monsterinsights_sitenote_active":false,"_monsterinsights_sitenote_note":"","_monsterinsights_sitenote_category":0,"footnotes":""},"categories":[1],"tags":[],"_links":{"self":[{"href":"https:\/\/zonalimitrofe-cbnr.com\/index.php\/wp-json\/wp\/v2\/posts\/24802"}],"collection":[{"href":"https:\/\/zonalimitrofe-cbnr.com\/index.php\/wp-json\/wp\/v2\/posts"}],"about":[{"href":"https:\/\/zonalimitrofe-cbnr.com\/index.php\/wp-json\/wp\/v2\/types\/post"}],"author":[{"embeddable":true,"href":"https:\/\/zonalimitrofe-cbnr.com\/index.php\/wp-json\/wp\/v2\/users\/1"}],"replies":[{"embeddable":true,"href":"https:\/\/zonalimitrofe-cbnr.com\/index.php\/wp-json\/wp\/v2\/comments?post=24802"}],"version-history":[{"count":1,"href":"https:\/\/zonalimitrofe-cbnr.com\/index.php\/wp-json\/wp\/v2\/posts\/24802\/revisions"}],"predecessor-version":[{"id":24804,"href":"https:\/\/zonalimitrofe-cbnr.com\/index.php\/wp-json\/wp\/v2\/posts\/24802\/revisions\/24804"}],"wp:featuredmedia":[{"embeddable":true,"href":"https:\/\/zonalimitrofe-cbnr.com\/index.php\/wp-json\/wp\/v2\/media\/24803"}],"wp:attachment":[{"href":"https:\/\/zonalimitrofe-cbnr.com\/index.php\/wp-json\/wp\/v2\/media?parent=24802"}],"wp:term":[{"taxonomy":"category","embeddable":true,"href":"https:\/\/zonalimitrofe-cbnr.com\/index.php\/wp-json\/wp\/v2\/categories?post=24802"},{"taxonomy":"post_tag","embeddable":true,"href":"https:\/\/zonalimitrofe-cbnr.com\/index.php\/wp-json\/wp\/v2\/tags?post=24802"}],"curies":[{"name":"wp","href":"https:\/\/api.w.org\/{rel}","templated":true}]}}