{"id":24796,"date":"2025-09-05T16:27:28","date_gmt":"2025-09-05T22:27:28","guid":{"rendered":"https:\/\/zonalimitrofe-cbnr.com\/?p=24796"},"modified":"2025-09-05T16:27:28","modified_gmt":"2025-09-05T22:27:28","slug":"torreon-implan-invita-a-participar-en-consultas-publicas-de-programas-parciales-de-desarrollo-urbano-de-el-ranchito-y-mieleras","status":"publish","type":"post","link":"https:\/\/zonalimitrofe-cbnr.com\/index.php\/2025\/09\/05\/torreon-implan-invita-a-participar-en-consultas-publicas-de-programas-parciales-de-desarrollo-urbano-de-el-ranchito-y-mieleras\/","title":{"rendered":"#Torre\u00f3n. IMPLAN invita a participar en consultas p\u00fablicas de programas parciales de desarrollo urbano de \u201cEl Ranchito\u201d y \u201cMieleras\u201d"},"content":{"rendered":"\n<p>Torre\u00f3n, Coahuila. A 5 de septiembre de 2025<\/p>\n\n\n\n<p>El Instituto Municipal de Planeaci\u00f3n y Competitividad de Torre\u00f3n (IMPLAN) invita a la ciudadan\u00eda a participar en las consultas p\u00fablicas de dos programas parciales de desarrollo urbano: el correspondiente a la Zona Nueva Laguna Norte \u201cEl Ranchito\u201d y el de la Zona Industrial de Mieleras, que culminan el 9 de septiembre de 2025.<\/p>\n\n\n\n<p>Ambos instrumentos representan pasos clave en la planeaci\u00f3n estrat\u00e9gica del municipio, cada uno con un enfoque particular, pero con un mismo objetivo: impulsar un desarrollo urbano ordenado, sostenible y con visi\u00f3n de futuro.<\/p>\n\n\n\n<p>Eduardo Terrazas Ramos, director general del IMPLAN Torre\u00f3n, explic\u00f3 que el Programa Parcial de Desarrollo Urbano de la Zona Nueva Laguna Norte (PPDUNLN) \u201cEl Ranchito\u201d, tiene como prop\u00f3sito consolidar un crecimiento urbano sostenible y promover la integraci\u00f3n social en una de las zonas con mayor potencial de desarrollo de la ciudad.<\/p>\n\n\n\n<p>Este documento responde a los retos que plantea la expansi\u00f3n urbana, la demanda de servicios e infraestructura y la mejora de la calidad de vida, todo esto con un enfoque ambientalmente responsable y resiliente.<\/p>\n\n\n\n<p>\u201cEs una hoja de ruta para transformar esta \u00e1rea en un modelo de desarrollo urbano e industrial ordenado, sostenible y humano. Con una visi\u00f3n a largo plazo, este documento pretende garantizar que \u2018El Ranchito\u2019 se convierta en una zona integral, moderna y eficiente, capaz de satisfacer las necesidades de sus habitantes actuales y futuros, mientras se asegura una convivencia arm\u00f3nica entre las actividades productivas y las comunidades residenciales\u201d, destac\u00f3 Terrazas Ramos.<\/p>\n\n\n\n<p>El director explic\u00f3 que el Programa Parcial de Desarrollo Urbano de la Zona Industrial de Mieleras, est\u00e1 enfocado en consolidar y potenciar el desarrollo de una de las \u00e1reas industriales m\u00e1s relevantes de la regi\u00f3n.<\/p>\n\n\n\n<p>A partir de un an\u00e1lisis de la situaci\u00f3n actual, dicho programa establece directrices para aumentar su competitividad y garantizar un crecimiento sostenible frente a los desaf\u00edos del desarrollo urbano.<\/p>\n\n\n\n<p>Dijo que este instrumento tiene como finalidad fortalecer la infraestructura existente, atraer nuevas inversiones y aprovechar las oportunidades derivadas de la reubicaci\u00f3n de industrias a nivel internacional, lo que posiciona a M\u00e9xico como un destino clave para sectores estrat\u00e9gicos.<\/p>\n\n\n\n<p>Adem\u00e1s, se\u00f1al\u00f3, promueve la integraci\u00f3n funcional del sector industrial, comercial y la zona de amortiguamiento, priorizando un desarrollo equilibrado para beneficio tanto de la poblaci\u00f3n como de las empresas.<\/p>\n\n\n\n<p>Eduardo Terrazas Ramos destac\u00f3 que con este tipo de programas, la Administraci\u00f3n Municipal reafirma su compromiso con el crecimiento urbano ordenado y competitivo, trabajando conforme a lo acordado por el alcalde de Torre\u00f3n, Rom\u00e1n Alberto Cepeda Gonz\u00e1lez.<\/p>\n\n\n\n<p>Las personas interesadas pueden consultar ambos programas y participar en las consultas p\u00fablicas a trav\u00e9s del sitio web oficial www.trcimplan.gob.mx y en las redes sociales del instituto: @trcimplan.<\/p>\n\n\n\n<p>El IMPLAN invita a la ciudadan\u00eda, expertos, instituciones acad\u00e9micas y al sector productivo a involucrarse activamente en la construcci\u00f3n de un desarrollo urbano m\u00e1s justo, eficiente y sostenible para Torre\u00f3n.<\/p>\n","protected":false},"excerpt":{"rendered":"<p>Torre\u00f3n, Coahuila. A 5 de septiembre de 2025 El Instituto Municipal de Planeaci\u00f3n y Competitividad de Torre\u00f3n (IMPLAN) invita a la ciudadan\u00eda a participar en las consultas p\u00fablicas de dos programas parciales de desarrollo urbano: el correspondiente a la Zona Nueva Laguna Norte \u201cEl Ranchito\u201d y el de la Zona Industrial de Mieleras, que culminan [&hellip;]<\/p>\n","protected":false},"author":1,"featured_media":24797,"comment_status":"open","ping_status":"open","sticky":false,"template":"","format":"standard","meta":{"_monsterinsights_skip_tracking":false,"_monsterinsights_sitenote_active":false,"_monsterinsights_sitenote_note":"","_monsterinsights_sitenote_category":0,"footnotes":""},"categories":[1],"tags":[],"_links":{"self":[{"href":"https:\/\/zonalimitrofe-cbnr.com\/index.php\/wp-json\/wp\/v2\/posts\/24796"}],"collection":[{"href":"https:\/\/zonalimitrofe-cbnr.com\/index.php\/wp-json\/wp\/v2\/posts"}],"about":[{"href":"https:\/\/zonalimitrofe-cbnr.com\/index.php\/wp-json\/wp\/v2\/types\/post"}],"author":[{"embeddable":true,"href":"https:\/\/zonalimitrofe-cbnr.com\/index.php\/wp-json\/wp\/v2\/users\/1"}],"replies":[{"embeddable":true,"href":"https:\/\/zonalimitrofe-cbnr.com\/index.php\/wp-json\/wp\/v2\/comments?post=24796"}],"version-history":[{"count":1,"href":"https:\/\/zonalimitrofe-cbnr.com\/index.php\/wp-json\/wp\/v2\/posts\/24796\/revisions"}],"predecessor-version":[{"id":24798,"href":"https:\/\/zonalimitrofe-cbnr.com\/index.php\/wp-json\/wp\/v2\/posts\/24796\/revisions\/24798"}],"wp:featuredmedia":[{"embeddable":true,"href":"https:\/\/zonalimitrofe-cbnr.com\/index.php\/wp-json\/wp\/v2\/media\/24797"}],"wp:attachment":[{"href":"https:\/\/zonalimitrofe-cbnr.com\/index.php\/wp-json\/wp\/v2\/media?parent=24796"}],"wp:term":[{"taxonomy":"category","embeddable":true,"href":"https:\/\/zonalimitrofe-cbnr.com\/index.php\/wp-json\/wp\/v2\/categories?post=24796"},{"taxonomy":"post_tag","embeddable":true,"href":"https:\/\/zonalimitrofe-cbnr.com\/index.php\/wp-json\/wp\/v2\/tags?post=24796"}],"curies":[{"name":"wp","href":"https:\/\/api.w.org\/{rel}","templated":true}]}}