{"id":24790,"date":"2025-09-04T16:55:17","date_gmt":"2025-09-04T22:55:17","guid":{"rendered":"https:\/\/zonalimitrofe-cbnr.com\/?p=24790"},"modified":"2025-09-04T16:55:17","modified_gmt":"2025-09-04T22:55:17","slug":"iec-invitan-a-curso-taller-sobre-participacion-ciudadana","status":"publish","type":"post","link":"https:\/\/zonalimitrofe-cbnr.com\/index.php\/2025\/09\/04\/iec-invitan-a-curso-taller-sobre-participacion-ciudadana\/","title":{"rendered":"#IEC. Invitan a curso-taller sobre participaci\u00f3n ciudadana"},"content":{"rendered":"\n<p>El Instituto Electoral de Coahuila (IEC), en coordinaci\u00f3n con la Junta Local del Instituto Nacional Electoral (INE), el Tribunal Electoral del Estado de Coahuila de Zaragoza, el Congreso del Estado, la Universidad Aut\u00f3noma de Coahuila (UAdeC) y el Colectivo para el Desarrollo Educativo Albanta, S. C., invitan a la ciudadan\u00eda en general a inscribirse en el curso-taller \u201cEducaci\u00f3n ciudadana: de la desafecci\u00f3n pol\u00edtica al compromiso c\u00edvico\u201d.<\/p>\n\n\n\n<p>El curso fue presentado en rueda de prensa en Saltillo, con la participaci\u00f3n de \u00d3scar Daniel Rodr\u00edguez Fuentes, Consejero Presidente del IEC; Leticia Bravo Ostos, Consejera Electoral y Presidenta de la Comisi\u00f3n Editorial y de Difusi\u00f3n de la Cultura Democr\u00e1tica; los consejeros Juan Carlos Cisneros Ruiz y Juan Antonio Silva Espinoza; Jos\u00e9 Luis V\u00e1zquez L\u00f3pez, Vocal Ejecutivo de la Junta Local del INE; Silvia Conde Flores, Directora General de Albanta; Jos\u00e9 del Tronco Paganelli, profesor investigador de la FLACSO; y Tania Liudmila Ram\u00edrez Padilla, Secretaria General del Tribunal Electoral del Estado, en representaci\u00f3n de la Magistrada Presidenta Karla Ver\u00f3nica F\u00e9lix Neira.<\/p>\n\n\n\n<p>En su mensaje, \u00d3scar Daniel Rodr\u00edguez Fuentes subray\u00f3 que \u201cla democracia se construye con la participaci\u00f3n de todas y todos; la ciudadan\u00eda es el eje y actor principal, por ello es muy relevante que conozca lo que implica participar dentro de un estado social y democr\u00e1tico. Celebro la realizaci\u00f3n de este curso, articulado entre instituciones p\u00fablicas, educativas y de la sociedad civil, cuya sinergia fortalece la participaci\u00f3n ciudadana\u201d.<\/p>\n\n\n\n<p>Por su parte, Leticia Bravo Ostos se\u00f1al\u00f3 que \u201ceste curso es un espacio dise\u00f1ado para reflexionar sobre la importancia de la ciudadan\u00eda activa. Una democracia s\u00f3lida se construye con ciudadanos informados y conscientes de que su voz impacta en la sociedad. Este taller es una gran oportunidad para compartir experiencias y adquirir herramientas que fortalezcan nuestra vida democr\u00e1tica\u201d.<\/p>\n\n\n\n<p>En tanto, Jos\u00e9 Luis V\u00e1zquez L\u00f3pez afirm\u00f3 que \u201cla desafecci\u00f3n pol\u00edtica es un desaf\u00edo com\u00fan que debilita la participaci\u00f3n ciudadana y la confianza en las instituciones. Pretendemos que este curso sea un espacio que genere propuestas de acci\u00f3n ciudadana que impacten no solo en el pr\u00f3ximo Proceso Electoral, sino en la vida p\u00fablica cotidiana. La democracia se construye todos los d\u00edas, con cada acci\u00f3n ciudadana\u201d.<\/p>\n\n\n\n<p>Finalmente, Silvia Conde Flores inform\u00f3 que el curso ser\u00e1 en l\u00ednea, iniciar\u00e1 el 14 de octubre, tendr\u00e1 una duraci\u00f3n de 30 horas distribuidas en tres m\u00f3dulos durante tres meses<\/p>\n\n\n\n<p>y ser\u00e1 impartido por especialistas del Colectivo Albanta. La UAdeC entregar\u00e1 constancias a quienes concluyan satisfactoriamente. Como producto final, las y los participantes dise\u00f1ar\u00e1n propuestas de acci\u00f3n para fortalecer la participaci\u00f3n ciudadana en el Proceso Electoral 2025-2026.<\/p>\n\n\n\n<p>Para mayor informaci\u00f3n, las personas interesadas pueden consultar la p\u00e1gina oficial del IEC www.iecoah.org.mx, comunicarse v\u00eda WhatsApp al tel\u00e9fono 5541809966 o a trav\u00e9s del correo electr\u00f3nico cursosalbanta@gmail.com<\/p>\n","protected":false},"excerpt":{"rendered":"<p>El Instituto Electoral de Coahuila (IEC), en coordinaci\u00f3n con la Junta Local del Instituto Nacional Electoral (INE), el Tribunal Electoral del Estado de Coahuila de Zaragoza, el Congreso del Estado, la Universidad Aut\u00f3noma de Coahuila (UAdeC) y el Colectivo para el Desarrollo Educativo Albanta, S. C., invitan a la ciudadan\u00eda en general a inscribirse en [&hellip;]<\/p>\n","protected":false},"author":1,"featured_media":24791,"comment_status":"open","ping_status":"open","sticky":false,"template":"","format":"standard","meta":{"_monsterinsights_skip_tracking":false,"_monsterinsights_sitenote_active":false,"_monsterinsights_sitenote_note":"","_monsterinsights_sitenote_category":0,"footnotes":""},"categories":[1],"tags":[],"_links":{"self":[{"href":"https:\/\/zonalimitrofe-cbnr.com\/index.php\/wp-json\/wp\/v2\/posts\/24790"}],"collection":[{"href":"https:\/\/zonalimitrofe-cbnr.com\/index.php\/wp-json\/wp\/v2\/posts"}],"about":[{"href":"https:\/\/zonalimitrofe-cbnr.com\/index.php\/wp-json\/wp\/v2\/types\/post"}],"author":[{"embeddable":true,"href":"https:\/\/zonalimitrofe-cbnr.com\/index.php\/wp-json\/wp\/v2\/users\/1"}],"replies":[{"embeddable":true,"href":"https:\/\/zonalimitrofe-cbnr.com\/index.php\/wp-json\/wp\/v2\/comments?post=24790"}],"version-history":[{"count":1,"href":"https:\/\/zonalimitrofe-cbnr.com\/index.php\/wp-json\/wp\/v2\/posts\/24790\/revisions"}],"predecessor-version":[{"id":24792,"href":"https:\/\/zonalimitrofe-cbnr.com\/index.php\/wp-json\/wp\/v2\/posts\/24790\/revisions\/24792"}],"wp:featuredmedia":[{"embeddable":true,"href":"https:\/\/zonalimitrofe-cbnr.com\/index.php\/wp-json\/wp\/v2\/media\/24791"}],"wp:attachment":[{"href":"https:\/\/zonalimitrofe-cbnr.com\/index.php\/wp-json\/wp\/v2\/media?parent=24790"}],"wp:term":[{"taxonomy":"category","embeddable":true,"href":"https:\/\/zonalimitrofe-cbnr.com\/index.php\/wp-json\/wp\/v2\/categories?post=24790"},{"taxonomy":"post_tag","embeddable":true,"href":"https:\/\/zonalimitrofe-cbnr.com\/index.php\/wp-json\/wp\/v2\/tags?post=24790"}],"curies":[{"name":"wp","href":"https:\/\/api.w.org\/{rel}","templated":true}]}}