{"id":24784,"date":"2025-09-04T16:26:34","date_gmt":"2025-09-04T22:26:34","guid":{"rendered":"https:\/\/zonalimitrofe-cbnr.com\/?p=24784"},"modified":"2025-09-04T16:26:34","modified_gmt":"2025-09-04T22:26:34","slug":"torreon-finaliza-ciclo-formativo-del-plan-estrategico-para-la-prevencion-del-suicidio","status":"publish","type":"post","link":"https:\/\/zonalimitrofe-cbnr.com\/index.php\/2025\/09\/04\/torreon-finaliza-ciclo-formativo-del-plan-estrategico-para-la-prevencion-del-suicidio\/","title":{"rendered":"#Torre\u00f3n. Finaliza ciclo formativo del Plan Estrat\u00e9gico para la Prevenci\u00f3n del Suicidio"},"content":{"rendered":"\n<p>Torre\u00f3n, Coahuila a 04 de septiembre del 2025<\/p>\n\n\n\n<p>La Direcci\u00f3n de Salud P\u00fablica Municipal concluy\u00f3 con \u00e9xito el desarrollo del Plan Estrat\u00e9gico para la Prevenci\u00f3n del Suicidio, una iniciativa clave que reafirma el compromiso de la Administraci\u00f3n Municipal del alcalde Rom\u00e1n Alberto Cepeda Gonz\u00e1lez, con el bienestar emocional de la ciudadan\u00eda.<\/p>\n\n\n\n<p>Jos\u00e9 Manuel Riveroll Duarte, director de la dependencia, explic\u00f3 que la ejecuci\u00f3n del plan fue posible gracias al trabajo colaborativo entre diversas instituciones y especialistas, destacando la participaci\u00f3n de los Psic\u00f3logos Suicid\u00f3logos Roger Enrique Merchant Parado y Dulce Alondra Li\u00e9vano Moreno, quienes compartieron herramientas valiosas y conocimientos fundamentales para la intervenci\u00f3n oportuna y la prevenci\u00f3n del suicidio.<\/p>\n\n\n\n<p>Durante el desarrollo del plan, se cont\u00f3 con la participaci\u00f3n de instituciones comprometidas con la causa, como el Centro de Integraci\u00f3n Juvenil, la Direcci\u00f3n de Seguridad P\u00fablica, el Cuerpo de Bomberos y el Centro de Justicia y Empoderamiento para las Mujeres. \u201cLa colaboraci\u00f3n interinstitucional fue determinante para el \u00e9xito de esta estrategia\u201d, reiter\u00f3 el director.<\/p>\n\n\n\n<p>Un total de 180 personas participaron en el proceso formativo, en el cual se revisaron temas fundamentales para el abordaje de la conducta suicida, como es el caso de personal municipal que act\u00faan como primeros respondientes en la atenci\u00f3n a este tipo de sucesos.<\/p>\n\n\n\n<p>Entre los contenidos impartidos se incluyeron herramientas de intervenci\u00f3n, estrategias aplicadas en el \u00e1mbito educativo, protocolos de atenci\u00f3n en situaciones de emergencia, y recursos cl\u00ednicos dise\u00f1ados para fortalecer la atenci\u00f3n inmediata en casos de crisis.<\/p>\n\n\n\n<p>A cada participante, profesionales, voluntarios y ciudadanos comprometidos, se les reconoce su dedicaci\u00f3n y sensibilidad ante esta problem\u00e1tica, concluy\u00f3 Riveroll Duarte.<\/p>\n","protected":false},"excerpt":{"rendered":"<p>Torre\u00f3n, Coahuila a 04 de septiembre del 2025 La Direcci\u00f3n de Salud P\u00fablica Municipal concluy\u00f3 con \u00e9xito el desarrollo del Plan Estrat\u00e9gico para la Prevenci\u00f3n del Suicidio, una iniciativa clave que reafirma el compromiso de la Administraci\u00f3n Municipal del alcalde Rom\u00e1n Alberto Cepeda Gonz\u00e1lez, con el bienestar emocional de la ciudadan\u00eda. Jos\u00e9 Manuel Riveroll Duarte, [&hellip;]<\/p>\n","protected":false},"author":1,"featured_media":24785,"comment_status":"open","ping_status":"open","sticky":false,"template":"","format":"standard","meta":{"_monsterinsights_skip_tracking":false,"_monsterinsights_sitenote_active":false,"_monsterinsights_sitenote_note":"","_monsterinsights_sitenote_category":0,"footnotes":""},"categories":[1],"tags":[],"_links":{"self":[{"href":"https:\/\/zonalimitrofe-cbnr.com\/index.php\/wp-json\/wp\/v2\/posts\/24784"}],"collection":[{"href":"https:\/\/zonalimitrofe-cbnr.com\/index.php\/wp-json\/wp\/v2\/posts"}],"about":[{"href":"https:\/\/zonalimitrofe-cbnr.com\/index.php\/wp-json\/wp\/v2\/types\/post"}],"author":[{"embeddable":true,"href":"https:\/\/zonalimitrofe-cbnr.com\/index.php\/wp-json\/wp\/v2\/users\/1"}],"replies":[{"embeddable":true,"href":"https:\/\/zonalimitrofe-cbnr.com\/index.php\/wp-json\/wp\/v2\/comments?post=24784"}],"version-history":[{"count":1,"href":"https:\/\/zonalimitrofe-cbnr.com\/index.php\/wp-json\/wp\/v2\/posts\/24784\/revisions"}],"predecessor-version":[{"id":24786,"href":"https:\/\/zonalimitrofe-cbnr.com\/index.php\/wp-json\/wp\/v2\/posts\/24784\/revisions\/24786"}],"wp:featuredmedia":[{"embeddable":true,"href":"https:\/\/zonalimitrofe-cbnr.com\/index.php\/wp-json\/wp\/v2\/media\/24785"}],"wp:attachment":[{"href":"https:\/\/zonalimitrofe-cbnr.com\/index.php\/wp-json\/wp\/v2\/media?parent=24784"}],"wp:term":[{"taxonomy":"category","embeddable":true,"href":"https:\/\/zonalimitrofe-cbnr.com\/index.php\/wp-json\/wp\/v2\/categories?post=24784"},{"taxonomy":"post_tag","embeddable":true,"href":"https:\/\/zonalimitrofe-cbnr.com\/index.php\/wp-json\/wp\/v2\/tags?post=24784"}],"curies":[{"name":"wp","href":"https:\/\/api.w.org\/{rel}","templated":true}]}}