{"id":24775,"date":"2025-09-04T16:18:48","date_gmt":"2025-09-04T22:18:48","guid":{"rendered":"https:\/\/zonalimitrofe-cbnr.com\/?p=24775"},"modified":"2025-09-04T16:18:48","modified_gmt":"2025-09-04T22:18:48","slug":"uadec-toman-protesta-directoras-de-escuelas-y-facultades-de-la-uadec-unidad-laguna","status":"publish","type":"post","link":"https:\/\/zonalimitrofe-cbnr.com\/index.php\/2025\/09\/04\/uadec-toman-protesta-directoras-de-escuelas-y-facultades-de-la-uadec-unidad-laguna\/","title":{"rendered":"#UAdeC. Toman Protesta Directoras de Escuelas y Facultades de la UAdeC Unidad Laguna"},"content":{"rendered":"\n<p>TORRE\u00d3N, Coahuila. 4 de septiembre de 2025. En gira de trabajo por la Unidad Laguna, el rector de la Universidad Aut\u00f3noma de Coahuila, Octavio Pimentel Mart\u00ednez, tom\u00f3 protesta a la Mtra. Cynthia Carolina Casta\u00f1\u00f3n Perales como directora de la Escuela de Psicolog\u00eda, a la Lic. Ang\u00e9lica Margarita Barrera Caballero, como directora de la Escuela de Artes Esc\u00e9nicas, a la Mtra. Gabriela Perales Garc\u00eda, de la Escuela de Ciencias de la Comunidad, y a la Mtra. Kimberly Vizcarra C\u00f3rdova como directora de la Escuela de Arquitectura.<\/p>\n\n\n\n<p>Acompa\u00f1ado por la coordinadora de Unidad Laguna, Sandra L\u00f3pez Chavarr\u00eda, y ante miembros de los Consejos Directivos de cada plantel, docentes y estudiantes, el Rector afirm\u00f3 que las elecciones son parte fundamental del quehacer de la Universidad, y que el Estatuto Universitario convoca a cumplir con los ejercicios que llevan a vivir la democracia en cada una de las escuelas y facultades que forman parte de la m\u00e1xima casa de estudios.<\/p>\n\n\n\n<p>Pimentel Mart\u00ednez, felicit\u00f3 a cada una de las directoras que tomaron protesta, y les exhort\u00f3 a hacer un ejercicio importante, a trabajar bajo las directrices de la \u201cL\u201d de lealtad, liderazgo, libertad, lucha y legado como lobos de la Aut\u00f3noma de Coahuila, y a seguir trabajando en equipo junto con las y los directores de la Unidad Laguna.<\/p>\n\n\n\n<p>Por su parte, la directora de la Escuela de Psicolog\u00eda, Cynthia Carolina Casta\u00f1\u00f3n Perales, agradeci\u00f3 a los docentes, estudiantes, personal manual y administrativo su confianza: \u201ces un honor que asumo con responsabilidad y compromiso, gracias a cada estudiante que ha compartido sus sue\u00f1os, sus inquietudes y sus ganas de formarse en el \u00e1rea de Psicolog\u00eda, ustedes son el motor de cada estrategia, cada esfuerzo por hacer del aula un espacio m\u00e1s justo\u201d, enfatiz\u00f3.<\/p>\n\n\n\n<p>La directora de la Escuela de Artes Esc\u00e9nicas, Margarita Barrera Caballero, tambi\u00e9n agradeci\u00f3 a la comunidad universitaria: estudiantes, docentes, egresados y personal administrativo, a quienes dijo: \u201cUstedes son la raz\u00f3n de ser de esta Escuela, y su presencia en esta ceremonia refrenda la certeza de que el arte tiene fuerza, sentido y necesidad en nuestra sociedad, hoy asumo con profundo honor y responsabilidad mi segundo periodo al frente de la Escuela de Artes.<\/p>\n\n\n\n<p>La directora de la Escuela de Ciencias de la Comunidad, Gabriela Perales Garc\u00eda manifest\u00f3 que con mucho agrado toma protesta como directora para el periodo 2025-2028, refrendando su compromiso de seguir trabajando de la mano con las autoridades, apeg\u00e1ndose a los lineamientos que marca el Plan de Desarrollo Institucional, el cual prioriza la calidad educativa, la investigaci\u00f3n, la movilidad docente y estudiantil.<\/p>\n\n\n\n<p>Como directora de la Escuela de Arquitectura, Kimberly Vizcarra C\u00f3rdova manifest\u00f3 estar feliz por la oportunidad y confianza que le brind\u00f3 la comunidad estudiantil y<\/p>\n\n\n\n<p>docente de la Escuela de Arquitectura, a quienes les dio a conocer su plan de trabajo basado en los siguientes ejes: Bienestar y Humanismo, Medio Ambiente, Recursos Naturales, Cultura, Ciencia y Educaci\u00f3n, J\u00f3venes a trav\u00e9s del Liderazgo y Planeaci\u00f3n Urbana Sustentable, apegados a las necesidades de investigaci\u00f3n y vinculaci\u00f3n, promoviendo la calidad acad\u00e9mica que caracteriza a la instituci\u00f3n.<\/p>\n","protected":false},"excerpt":{"rendered":"<p>TORRE\u00d3N, Coahuila. 4 de septiembre de 2025. En gira de trabajo por la Unidad Laguna, el rector de la Universidad Aut\u00f3noma de Coahuila, Octavio Pimentel Mart\u00ednez, tom\u00f3 protesta a la Mtra. Cynthia Carolina Casta\u00f1\u00f3n Perales como directora de la Escuela de Psicolog\u00eda, a la Lic. Ang\u00e9lica Margarita Barrera Caballero, como directora de la Escuela de [&hellip;]<\/p>\n","protected":false},"author":1,"featured_media":24776,"comment_status":"open","ping_status":"open","sticky":false,"template":"","format":"standard","meta":{"_monsterinsights_skip_tracking":false,"_monsterinsights_sitenote_active":false,"_monsterinsights_sitenote_note":"","_monsterinsights_sitenote_category":0,"footnotes":""},"categories":[1],"tags":[],"_links":{"self":[{"href":"https:\/\/zonalimitrofe-cbnr.com\/index.php\/wp-json\/wp\/v2\/posts\/24775"}],"collection":[{"href":"https:\/\/zonalimitrofe-cbnr.com\/index.php\/wp-json\/wp\/v2\/posts"}],"about":[{"href":"https:\/\/zonalimitrofe-cbnr.com\/index.php\/wp-json\/wp\/v2\/types\/post"}],"author":[{"embeddable":true,"href":"https:\/\/zonalimitrofe-cbnr.com\/index.php\/wp-json\/wp\/v2\/users\/1"}],"replies":[{"embeddable":true,"href":"https:\/\/zonalimitrofe-cbnr.com\/index.php\/wp-json\/wp\/v2\/comments?post=24775"}],"version-history":[{"count":1,"href":"https:\/\/zonalimitrofe-cbnr.com\/index.php\/wp-json\/wp\/v2\/posts\/24775\/revisions"}],"predecessor-version":[{"id":24777,"href":"https:\/\/zonalimitrofe-cbnr.com\/index.php\/wp-json\/wp\/v2\/posts\/24775\/revisions\/24777"}],"wp:featuredmedia":[{"embeddable":true,"href":"https:\/\/zonalimitrofe-cbnr.com\/index.php\/wp-json\/wp\/v2\/media\/24776"}],"wp:attachment":[{"href":"https:\/\/zonalimitrofe-cbnr.com\/index.php\/wp-json\/wp\/v2\/media?parent=24775"}],"wp:term":[{"taxonomy":"category","embeddable":true,"href":"https:\/\/zonalimitrofe-cbnr.com\/index.php\/wp-json\/wp\/v2\/categories?post=24775"},{"taxonomy":"post_tag","embeddable":true,"href":"https:\/\/zonalimitrofe-cbnr.com\/index.php\/wp-json\/wp\/v2\/tags?post=24775"}],"curies":[{"name":"wp","href":"https:\/\/api.w.org\/{rel}","templated":true}]}}