{"id":24766,"date":"2025-09-04T16:11:53","date_gmt":"2025-09-04T22:11:53","guid":{"rendered":"https:\/\/zonalimitrofe-cbnr.com\/?p=24766"},"modified":"2025-09-04T16:11:53","modified_gmt":"2025-09-04T22:11:53","slug":"uadec-firma-uadec-alianza-estrategica-con-la-colectiva-de-madres-poderosas-de-la-laguna","status":"publish","type":"post","link":"https:\/\/zonalimitrofe-cbnr.com\/index.php\/2025\/09\/04\/uadec-firma-uadec-alianza-estrategica-con-la-colectiva-de-madres-poderosas-de-la-laguna\/","title":{"rendered":"#UAdeC. Firma UAdeC Alianza Estrat\u00e9gica con la Colectiva de Madres Poderosas de la Laguna"},"content":{"rendered":"\n<p>TORRE\u00d3N, Coahuila. 4 de septiembre de 2025. La Universidad Aut\u00f3noma de Coahuila a trav\u00e9s de la Coordinaci\u00f3n de Igualdad de G\u00e9nero y el Instituto de Investigaci\u00f3n para el Desarrollo Integral de la Mujer Universitaria (IIDIMU), firm\u00f3 una Alianza Estrat\u00e9gica con la Colectiva de Madres Poderosas de la Laguna, a favor de las hijas e hijos de las v\u00edctimas de feminicidio y las personas cuidadoras adheridas a esta organizaci\u00f3n.<\/p>\n\n\n\n<p>Esta firma representa el compromiso institucional de la m\u00e1xima casa de estudios en alineaci\u00f3n a sus principios \u00e9ticos de responsabilidad social universitaria, para contribuir con las familias que han sido vulneradas en pro de proporcionales alternativas para su desarrollo acad\u00e9mico, profesional y social.<\/p>\n\n\n\n<p>El documento fue signado en el Centro Cultural \u201cBraulio Fern\u00e1ndez Aguirre\u201d de Ciudad Universitaria Campus Torre\u00f3n, por el rector de la m\u00e1xima casa de estudios, Octavio Pimentel Mart\u00ednez, la coordinadora de Igual de G\u00e9nero, Lorena Medina Bocanegra y la representante del colectivo de madres poderosas, Mar\u00eda Elena de la Fuente Cepeda, acompa\u00f1ados por la coordinadora de Unidad Laguna, Sandra L\u00f3pez Chavarr\u00eda y la subcoordinadora de Responsabilidad Social de la UAdeC, Daniela Valdez Barr\u00f3n.<\/p>\n\n\n\n<p>En su mensaje el rector Octavio Pimentel Mart\u00ednez, expres\u00f3 su reconocimiento a las madres de la colectiva, as\u00ed como su apoyo y empat\u00eda con el dolor de sus familias, \u201cYa no est\u00e1n solas, la Universidad Aut\u00f3noma de Coahuila est\u00e1 de su lado en todo lo que sea necesario y tambi\u00e9n en el acompa\u00f1amiento, ya no m\u00e1s violencia en ninguna de sus expresiones ante nadie y para nadie, mucho menos para nuestras mujeres universitarias y mujeres mexicanas\u201d, dijo.<\/p>\n\n\n\n<p>Agreg\u00f3 que, el grupo de directoras y directores de la Aut\u00f3noma de Coahuila, son un gran equipo que unir\u00e1n esfuerzos para hacer un acompa\u00f1amiento efectivo en el proceso educativo de las y los hijos de las madres que pertenecen a la colectiva de Madres Poderosas de la Laguna.<\/p>\n\n\n\n<p>Por su parte, la coordinadora de Igual de G\u00e9nero, Lorena Medina Bocanegra agradeci\u00f3 al rector Octavio Pimentel Mart\u00ednez, \u201cGracias Rector por su compromiso social y respaldo, as\u00ed como por la sensibilidad y claridad que se refleja en la firma de la Alianza Estrat\u00e9gica\u201d.<\/p>\n\n\n\n<p>Comparti\u00f3 que, acorde a una investigaci\u00f3n realizada durante el a\u00f1o pasado con corte a septiembre, con la colaboraci\u00f3n de las Madres Poderosas se encontr\u00f3 que los feminicidios se perpet\u00faan en el 55 por ciento contra mujeres en un rango de edad entre los 21 y 30 a\u00f1os, que las edades promedio de las ni\u00f1as y ni\u00f1os al momento del feminicidio es entre siete y 12 a\u00f1os, teniendo como rango inicial los tres meses de edad.<\/p>\n\n\n\n<p>Destac\u00f3 que, las Madres Poderosas se acercaron a la Universidad pidiendo apoyo dada la necesidad y gran responsabilidad asumida para brindarles estudio a sus nietas y nietos y desde entonces la UAdeC ha apoyado a j\u00f3venes de esta colectiva para que estudien, como ha sido el caso respecto a las solicitudes para cursar en la Escuela de Bachilleres \u201cVenustiano Carranza\u201d, la Facultad de Contadur\u00eda y Administraci\u00f3n (FCA), el Instituto de Ense\u00f1anza Abierta (IDEA) y la Facultad de Odontolog\u00eda, brindando servicio odontol\u00f3gico a los infantes.<\/p>\n\n\n\n<p>Medina Bocanegra, agradeci\u00f3 la presencia de directoras y directores de las diferentes escuelas, facultades e institutos, especialmente al Dr. Daniel Campos, director de la Facultad de Medicina y a la Mtra. Irma Andrade, directora de la Facultad de Enfermer\u00eda por sumarse de manera espec\u00edfica a este proyecto.<\/p>\n\n\n\n<p>Por su parte, la Sra. Mar\u00eda Elena de la Fuente, agradeci\u00f3 al rector Octavio Pimentel por el recibimiento y el apoyo otorgado desde hace tiempo, as\u00ed como a las y los directores de distintas escuelas y facultades, \u201cA nombre de todo el colectivo agradecerles, con la ayuda de ustedes se nos facilita la vida y se les va a facilitar a ellos, porque van a tener armas para vencer el futuro, es darles alas para que ellos vuelen y para que se abran camino, porque el estudio es lo que lo que va formando a una persona, abre su mente y les da les da fuerza para salir adelante\u201d.<\/p>\n\n\n\n<p>Cabe se\u00f1alar que, mediante esta firma, la Universidad Aut\u00f3noma de Coahuila se compromete a ofrecer a las v\u00edctimas indirectas de feminicidio como son las y los hijos, una formaci\u00f3n acad\u00e9mica a nivel bachillerato y universitario de acuerdo con los reglamentos y de forma satisfactoria, generar y gestionar el apoyo a trav\u00e9s de los servicios m\u00e9dicos en los hospitales Universitarios e Infantil, Centros Comunitarios y otros que dispongan las facultades de Medicina, Enfermer\u00eda y Ciencias de la Salud.<\/p>\n\n\n\n<p>Adem\u00e1s, gestionar el apoyo a trav\u00e9s del servicio odontol\u00f3gico en las cl\u00ednicas de las facultades de Odontolog\u00eda, as\u00ed como, el apoyo a trav\u00e9s del servicio psicol\u00f3gico por parte de la facultad y escuelas de psicolog\u00eda y encargarse del apoyo para ser consideradas en los programas y proyectos sociales con los que con los que cuente la UAdeC, esto a trav\u00e9s del programa Lobos en Acci\u00f3n, por ejemplo con la entrega de despensas, ropa, zapatos, medicamentos, art\u00edculos escolares, acceso a cursos, talleres culturales y cursos de verano recreativos.<\/p>\n\n\n\n<p>Por su parte, la Colectiva de Madres Poderosas de la Laguna participar\u00e1 cuando se les solicite el apoyo para la difusi\u00f3n de medidas preventivas contra la violencia hacia las mujeres.<\/p>\n","protected":false},"excerpt":{"rendered":"<p>TORRE\u00d3N, Coahuila. 4 de septiembre de 2025. La Universidad Aut\u00f3noma de Coahuila a trav\u00e9s de la Coordinaci\u00f3n de Igualdad de G\u00e9nero y el Instituto de Investigaci\u00f3n para el Desarrollo Integral de la Mujer Universitaria (IIDIMU), firm\u00f3 una Alianza Estrat\u00e9gica con la Colectiva de Madres Poderosas de la Laguna, a favor de las hijas e hijos [&hellip;]<\/p>\n","protected":false},"author":1,"featured_media":24767,"comment_status":"open","ping_status":"open","sticky":false,"template":"","format":"standard","meta":{"_monsterinsights_skip_tracking":false,"_monsterinsights_sitenote_active":false,"_monsterinsights_sitenote_note":"","_monsterinsights_sitenote_category":0,"footnotes":""},"categories":[1],"tags":[],"_links":{"self":[{"href":"https:\/\/zonalimitrofe-cbnr.com\/index.php\/wp-json\/wp\/v2\/posts\/24766"}],"collection":[{"href":"https:\/\/zonalimitrofe-cbnr.com\/index.php\/wp-json\/wp\/v2\/posts"}],"about":[{"href":"https:\/\/zonalimitrofe-cbnr.com\/index.php\/wp-json\/wp\/v2\/types\/post"}],"author":[{"embeddable":true,"href":"https:\/\/zonalimitrofe-cbnr.com\/index.php\/wp-json\/wp\/v2\/users\/1"}],"replies":[{"embeddable":true,"href":"https:\/\/zonalimitrofe-cbnr.com\/index.php\/wp-json\/wp\/v2\/comments?post=24766"}],"version-history":[{"count":1,"href":"https:\/\/zonalimitrofe-cbnr.com\/index.php\/wp-json\/wp\/v2\/posts\/24766\/revisions"}],"predecessor-version":[{"id":24768,"href":"https:\/\/zonalimitrofe-cbnr.com\/index.php\/wp-json\/wp\/v2\/posts\/24766\/revisions\/24768"}],"wp:featuredmedia":[{"embeddable":true,"href":"https:\/\/zonalimitrofe-cbnr.com\/index.php\/wp-json\/wp\/v2\/media\/24767"}],"wp:attachment":[{"href":"https:\/\/zonalimitrofe-cbnr.com\/index.php\/wp-json\/wp\/v2\/media?parent=24766"}],"wp:term":[{"taxonomy":"category","embeddable":true,"href":"https:\/\/zonalimitrofe-cbnr.com\/index.php\/wp-json\/wp\/v2\/categories?post=24766"},{"taxonomy":"post_tag","embeddable":true,"href":"https:\/\/zonalimitrofe-cbnr.com\/index.php\/wp-json\/wp\/v2\/tags?post=24766"}],"curies":[{"name":"wp","href":"https:\/\/api.w.org\/{rel}","templated":true}]}}