{"id":24763,"date":"2025-09-04T16:10:03","date_gmt":"2025-09-04T22:10:03","guid":{"rendered":"https:\/\/zonalimitrofe-cbnr.com\/?p=24763"},"modified":"2025-09-04T16:10:04","modified_gmt":"2025-09-04T22:10:04","slug":"lerdo-implementan-jornada-de-recoleccion-de-basura-en-horario-nocturno","status":"publish","type":"post","link":"https:\/\/zonalimitrofe-cbnr.com\/index.php\/2025\/09\/04\/lerdo-implementan-jornada-de-recoleccion-de-basura-en-horario-nocturno\/","title":{"rendered":"#Lerdo. IMPLEMENTAN JORNADA DE RECOLECCI\u00d3N DE BASURA EN HORARIO NOCTURNO*"},"content":{"rendered":"\n<p>Lerdo, 04 de septiembre 2025.- La direcci\u00f3n de Servicios P\u00fablicos en Lerdo dio arranque a una jornada especial de recolecci\u00f3n de basura en horario nocturno, espec\u00edficamente en el primer cuadro de la ciudad, con el objetivo de reforzar los trabajos de limpieza que se realizan durante el d\u00eda.<\/p>\n\n\n\n<p>El titular de la dependencia, Jorge Silva Loera, inform\u00f3 que la instrucci\u00f3n de la Presidenta Municipal, Susy Carolina Torrecillas Salazar, es garantizar que estas labores se lleven a cabo, en atenci\u00f3n a los negocios y comercios de la zona centro para evitar que los desechos permanezcan en la v\u00eda p\u00fablica hasta la ma\u00f1ana siguiente.<\/p>\n\n\n\n<p>Silva Loera puntualiz\u00f3 que el servicio diurno de recolecci\u00f3n se mantendr\u00e1 de manera normal, y que el turno nocturno funcionar\u00e1 como un complemento en beneficio de la ciudadan\u00eda. Este programa comenz\u00f3 el pasado martes 02 de septiembre y continuar\u00e1 de manera permanente para mantener el \u00e1rea limpia y ordenada.<\/p>\n\n\n\n<p>Finalmente, el funcionario exhort\u00f3 a los locatarios del Mercado Donato Guerra, as\u00ed como a los comerciantes del primer cuadro de la ciudad, a mantener un adecuado almacenamiento de sus residuos, respetar los horarios de recolecci\u00f3n y colaborar en este esfuerzo conjunto para la limpieza de la ciudad.<\/p>\n","protected":false},"excerpt":{"rendered":"<p>Lerdo, 04 de septiembre 2025.- La direcci\u00f3n de Servicios P\u00fablicos en Lerdo dio arranque a una jornada especial de recolecci\u00f3n de basura en horario nocturno, espec\u00edficamente en el primer cuadro de la ciudad, con el objetivo de reforzar los trabajos de limpieza que se realizan durante el d\u00eda. El titular de la dependencia, Jorge Silva [&hellip;]<\/p>\n","protected":false},"author":1,"featured_media":24764,"comment_status":"open","ping_status":"open","sticky":false,"template":"","format":"standard","meta":{"_monsterinsights_skip_tracking":false,"_monsterinsights_sitenote_active":false,"_monsterinsights_sitenote_note":"","_monsterinsights_sitenote_category":0,"footnotes":""},"categories":[1],"tags":[],"_links":{"self":[{"href":"https:\/\/zonalimitrofe-cbnr.com\/index.php\/wp-json\/wp\/v2\/posts\/24763"}],"collection":[{"href":"https:\/\/zonalimitrofe-cbnr.com\/index.php\/wp-json\/wp\/v2\/posts"}],"about":[{"href":"https:\/\/zonalimitrofe-cbnr.com\/index.php\/wp-json\/wp\/v2\/types\/post"}],"author":[{"embeddable":true,"href":"https:\/\/zonalimitrofe-cbnr.com\/index.php\/wp-json\/wp\/v2\/users\/1"}],"replies":[{"embeddable":true,"href":"https:\/\/zonalimitrofe-cbnr.com\/index.php\/wp-json\/wp\/v2\/comments?post=24763"}],"version-history":[{"count":1,"href":"https:\/\/zonalimitrofe-cbnr.com\/index.php\/wp-json\/wp\/v2\/posts\/24763\/revisions"}],"predecessor-version":[{"id":24765,"href":"https:\/\/zonalimitrofe-cbnr.com\/index.php\/wp-json\/wp\/v2\/posts\/24763\/revisions\/24765"}],"wp:featuredmedia":[{"embeddable":true,"href":"https:\/\/zonalimitrofe-cbnr.com\/index.php\/wp-json\/wp\/v2\/media\/24764"}],"wp:attachment":[{"href":"https:\/\/zonalimitrofe-cbnr.com\/index.php\/wp-json\/wp\/v2\/media?parent=24763"}],"wp:term":[{"taxonomy":"category","embeddable":true,"href":"https:\/\/zonalimitrofe-cbnr.com\/index.php\/wp-json\/wp\/v2\/categories?post=24763"},{"taxonomy":"post_tag","embeddable":true,"href":"https:\/\/zonalimitrofe-cbnr.com\/index.php\/wp-json\/wp\/v2\/tags?post=24763"}],"curies":[{"name":"wp","href":"https:\/\/api.w.org\/{rel}","templated":true}]}}