{"id":2476,"date":"2024-03-04T17:37:55","date_gmt":"2024-03-04T23:37:55","guid":{"rendered":"https:\/\/zonalimitrofe-cbnr.com\/?p=2476"},"modified":"2024-03-04T17:37:55","modified_gmt":"2024-03-04T23:37:55","slug":"durango-gira-universitaria-en-respaldo-a-trilogia-de-facultades-feca-fader-famen","status":"publish","type":"post","link":"https:\/\/zonalimitrofe-cbnr.com\/index.php\/2024\/03\/04\/durango-gira-universitaria-en-respaldo-a-trilogia-de-facultades-feca-fader-famen\/","title":{"rendered":"#Durango. Gira Universitaria en respaldo a trilog\u00eda de facultades (FECA, FADER, FAMEN)"},"content":{"rendered":"\n<p>El Gobernador tom\u00f3 protesta al nuevo Comit\u00e9 Estudiantil de la Facultad de Econom\u00eda, Contadur\u00eda y Administraci\u00f3n, as\u00ed como al de la Facultad de Medicina y Nutrici\u00f3n.<\/p>\n\n\n\n<p>Durante esta gira universitaria se inauguraron los siguientes espacios, donde los alumnos podr\u00e1n realizar sus pr\u00e1cticas, lo que les permitir\u00e1 estar mejor preparados:<\/p>\n\n\n\n<p>-Salas de Juicios Orales en la Facultad de Derecho y Ciencias Pol\u00edticas, con una inversi\u00f3n de 17 millones de pesos.<\/p>\n\n\n\n<p>-Hospital Simulador de pr\u00e1cticas as\u00ed como la adquisici\u00f3n de equipo m\u00e9dico para la Facultad de Medicina y Nutrici\u00f3n, con una inversi\u00f3n de 14.9 millones de pesos<\/p>\n\n\n\n<p>-Inauguraci\u00f3n del Centro M\u00e9dico de Aprendizaje Cl\u00ednico y equipamiento m\u00e9dico para encamados, terapia intensiva; una mesa quir\u00fargica, pediatr\u00eda y cuidados intensivos<\/p>\n\n\n\n<p>-Domo y cancha en la Preparatoria Diurna con una inversi\u00f3n de 5.5 millones de pesos<\/p>\n\n\n\n<p>Durante esta Gira Universitaria, el gobernador reconoci\u00f3 la importancia de formar l\u00edderes estudiantiles que trabajen por los alumnos.<\/p>\n\n\n\n<p>Al saludar y convivir con estudiantes de estas universidades, el Mandatario Estatal expreso: &#8220;Vengo con mucho gusto a tomar protesta de la sociedad de alumnos de la FECA y FAMEN&#8221;,<br>Les dijo a los presidentes que tienen mucho trabajo para cumplirles a los alumnos y reiter\u00f3 su apoyo para trabajar de la mano y atender sus peticiones para que las universidades cuenten con las mejores condiciones.<br>Asimismo, se comprometi\u00f3 con las peticiones que le realizaron los nuevos presidentes, para iniciar con proyectos importantes como la construcci\u00f3n de una terraza, un estacionamiento y la compra de un nuevo cami\u00f3n, cafeter\u00eda, \u00e1reas de estudio y remodelaci\u00f3n de ba\u00f1os.<br>\u201cQuiero de manera constante estar en la Universidad, ya que el 2024 va a ser un a\u00f1o importante para Durango y para los universitarios tambi\u00e9n\u201d.<\/p>\n\n\n\n<p><br>Agradeci\u00f3 al Gobernador, por su visita y el apoyo que desde el primer d\u00eda de su Administraci\u00f3n le ha brindado a la Universidad, ya que gracias a eso se ha podido salir adelante en la parte econ\u00f3mica.<br>Reiter\u00f3 el compromiso del Gobernador para que se realizar\u00e1n las obras importantes para los estudiantes como lo es la Sala de Juicios Orales, la Cl\u00ednica en la Facultad de Medicina y un domo y cancha para la Preparatoria Diurna.<br>Las obras que hoy se entregan marcan un presente en las facultades, donde los estudiantes tendr\u00e1n la oportunidad de practicar y aprender\u00e1n lo que se les ense\u00f1a en las aulas.<br>En el centro de servicios a la comunidad, lo estudiantes que van en grados m\u00e1s avanzados podr\u00e1n practicar y prestar\u00e1 servicios a la comunidad de Durango.<\/p>\n\n\n\n<p><em>Carlos Villegas Mendoza, Presidente Sociedad de Alumnos FECA:<\/em><br>Agradeci\u00f3 a sus compa\u00f1eros por la confianza, de apoyarlo para asumir la responsabilidad de este compromiso.<br>Reiter\u00f3 que la Sociedad de Alumnos, estar\u00e1 trabajando para hacer brillar su Facultad, as\u00ed como darle soluci\u00f3n a cada una de las necesidades de esta instituci\u00f3n.<\/p>\n\n\n\n<p><em>\u00c1lvaro Eduardo Ruacho Garc\u00eda\/ presidente Sociedad de Alumnos FAMEN:<\/em><br>Dijo que est\u00e1 agradecido con sus compa\u00f1eros por su confianza para brindarle esta nueva encomienda que llevar\u00e1 con pasi\u00f3n y liderazgo.<\/p>\n\n\n\n<p><br>Celebramos la Toma de Protesta del nuevo Comit\u00e9 Ejecutivo de la Facultad, Carlos Villegas, quien asume la responsabilidad de representar a todos sus compa\u00f1eros con gran compromiso.<br>La sociedad de alumnos desempe\u00f1a un papel crucial, para los estudiantes &#8220;los \u00e1nimo a trabajar con su actual presidente, para participar en el desarrollo de Durango y respaldar las iniciativas estudiantiles, puntualiz\u00f3.<\/p>\n\n\n\n<p><br>Hoy le toca a la nueva mesa estudiantil enfrentar nuevos retos, el objetivo de la universidad es entregar profesionistas bien preparados, y el CESA juega un papel importante.<br>&#8220;Inauguramos un sistema innovador el Hospital de aprendizaje para los alumnos, este nuevo sistema en la educaci\u00f3n m\u00e9dica brindar\u00e1 la disminuci\u00f3n de errores m\u00e9dicos y al mismo tiempo habilidades y destrezas de los estudiantes&#8221;.<br>Agradeci\u00f3 al Gobernador, por el apoyo para que esta universidad cuente con el hospital y centro de aprendizaje, para que los estudiantes puedan realizar sus pr\u00e1cticas, antes de salir de sus estudios.<\/p>\n","protected":false},"excerpt":{"rendered":"<p>El Gobernador tom\u00f3 protesta al nuevo Comit\u00e9 Estudiantil de la Facultad de Econom\u00eda, Contadur\u00eda y Administraci\u00f3n, as\u00ed como al de la Facultad de Medicina y Nutrici\u00f3n. Durante esta gira universitaria se inauguraron los siguientes espacios, donde los alumnos podr\u00e1n realizar sus pr\u00e1cticas, lo que les permitir\u00e1 estar mejor preparados: -Salas de Juicios Orales en la [&hellip;]<\/p>\n","protected":false},"author":1,"featured_media":2477,"comment_status":"open","ping_status":"open","sticky":false,"template":"","format":"standard","meta":{"_monsterinsights_skip_tracking":false,"_monsterinsights_sitenote_active":false,"_monsterinsights_sitenote_note":"","_monsterinsights_sitenote_category":0,"footnotes":""},"categories":[1],"tags":[],"_links":{"self":[{"href":"https:\/\/zonalimitrofe-cbnr.com\/index.php\/wp-json\/wp\/v2\/posts\/2476"}],"collection":[{"href":"https:\/\/zonalimitrofe-cbnr.com\/index.php\/wp-json\/wp\/v2\/posts"}],"about":[{"href":"https:\/\/zonalimitrofe-cbnr.com\/index.php\/wp-json\/wp\/v2\/types\/post"}],"author":[{"embeddable":true,"href":"https:\/\/zonalimitrofe-cbnr.com\/index.php\/wp-json\/wp\/v2\/users\/1"}],"replies":[{"embeddable":true,"href":"https:\/\/zonalimitrofe-cbnr.com\/index.php\/wp-json\/wp\/v2\/comments?post=2476"}],"version-history":[{"count":1,"href":"https:\/\/zonalimitrofe-cbnr.com\/index.php\/wp-json\/wp\/v2\/posts\/2476\/revisions"}],"predecessor-version":[{"id":2478,"href":"https:\/\/zonalimitrofe-cbnr.com\/index.php\/wp-json\/wp\/v2\/posts\/2476\/revisions\/2478"}],"wp:featuredmedia":[{"embeddable":true,"href":"https:\/\/zonalimitrofe-cbnr.com\/index.php\/wp-json\/wp\/v2\/media\/2477"}],"wp:attachment":[{"href":"https:\/\/zonalimitrofe-cbnr.com\/index.php\/wp-json\/wp\/v2\/media?parent=2476"}],"wp:term":[{"taxonomy":"category","embeddable":true,"href":"https:\/\/zonalimitrofe-cbnr.com\/index.php\/wp-json\/wp\/v2\/categories?post=2476"},{"taxonomy":"post_tag","embeddable":true,"href":"https:\/\/zonalimitrofe-cbnr.com\/index.php\/wp-json\/wp\/v2\/tags?post=2476"}],"curies":[{"name":"wp","href":"https:\/\/api.w.org\/{rel}","templated":true}]}}