{"id":24748,"date":"2025-09-04T14:31:27","date_gmt":"2025-09-04T20:31:27","guid":{"rendered":"https:\/\/zonalimitrofe-cbnr.com\/?p=24748"},"modified":"2025-09-04T14:31:27","modified_gmt":"2025-09-04T20:31:27","slug":"uadec-inaugura-rector-de-la-uadec-el-departamento-de-psicopedagogia-y-equidad-de-genero-en-fca-unidad-laguna","status":"publish","type":"post","link":"https:\/\/zonalimitrofe-cbnr.com\/index.php\/2025\/09\/04\/uadec-inaugura-rector-de-la-uadec-el-departamento-de-psicopedagogia-y-equidad-de-genero-en-fca-unidad-laguna\/","title":{"rendered":"#UAdeC. Inaugura Rector de la UAdeC el Departamento de Psicopedagog\u00eda y Equidad de G\u00e9nero en FCA Unidad Laguna"},"content":{"rendered":"\n<p>TORRE\u00d3N, Coahuila. 4 de septiembre de 2025. El rector de la Universidad Aut\u00f3noma de Coahuila, Octavio Pimentel Mart\u00ednez, inaugur\u00f3 el Departamento de Psicopedagog\u00eda y Equidad de G\u00e9nero de la Facultad de Contadur\u00eda y Administraci\u00f3n (FCA) de la Unidad Laguna, como un espacio integral de apoyo psicoeducativo, psicol\u00f3gico y social, que promueve la equidad de g\u00e9nero, la inclusi\u00f3n de la diversidad sexual y el bienestar emocional de la comunidad estudiantil.<\/p>\n\n\n\n<p>En el evento, estuvieron presentes el rector de la Universidad Aut\u00f3noma de Coahuila, Octavio Pimentel Mart\u00ednez, la coordinadora de la Unidad Laguna, Sandra L\u00f3pez, la directora de FCA, Reyna Rodr\u00edguez Trejo, la coordinadora de Igualdad de G\u00e9nero, Lorena Medina Bocanegra, la responsable del Centro de Atenci\u00f3n Psicol\u00f3gica de FCA UL, Victoria E. Sandoval, invitados especiales, docentes, estudiantes y p\u00fablico en general.<\/p>\n\n\n\n<p>En su mensaje, la directora de FCA, Reyna Rodr\u00edguez Trejo se\u00f1al\u00f3 que el departamento de Psicopedagog\u00eda y Equidad de G\u00e9nero, est\u00e1 dise\u00f1ado para fomentar un ambiente libre de discriminaci\u00f3n y estigmatizaci\u00f3n, basado en la igualdad, la justicia y el respeto.<\/p>\n\n\n\n<p>Dijo que el enfoque del departamento combina la psicopedagog\u00eda con la atenci\u00f3n personalizada en psicoterapia, abordando cuestiones relacionadas con la salud sexual y la diversidad sexual, siempre desde una perspectiva inclusiva de g\u00e9nero.<\/p>\n\n\n\n<p>Por su parte la responsable del Departamento de Psicopedagog\u00eda y Equidad de G\u00e9nero de FCA UL, Victoria Sandoval, psic\u00f3loga y sex\u00f3loga, invit\u00f3 a la comunidad estudiantil a acercarse pues estar\u00e1 a al servicio de quienes deseen atender la saludad mental y sexual.<\/p>\n","protected":false},"excerpt":{"rendered":"<p>TORRE\u00d3N, Coahuila. 4 de septiembre de 2025. El rector de la Universidad Aut\u00f3noma de Coahuila, Octavio Pimentel Mart\u00ednez, inaugur\u00f3 el Departamento de Psicopedagog\u00eda y Equidad de G\u00e9nero de la Facultad de Contadur\u00eda y Administraci\u00f3n (FCA) de la Unidad Laguna, como un espacio integral de apoyo psicoeducativo, psicol\u00f3gico y social, que promueve la equidad de g\u00e9nero, [&hellip;]<\/p>\n","protected":false},"author":1,"featured_media":24749,"comment_status":"open","ping_status":"open","sticky":false,"template":"","format":"standard","meta":{"_monsterinsights_skip_tracking":false,"_monsterinsights_sitenote_active":false,"_monsterinsights_sitenote_note":"","_monsterinsights_sitenote_category":0,"footnotes":""},"categories":[1],"tags":[],"_links":{"self":[{"href":"https:\/\/zonalimitrofe-cbnr.com\/index.php\/wp-json\/wp\/v2\/posts\/24748"}],"collection":[{"href":"https:\/\/zonalimitrofe-cbnr.com\/index.php\/wp-json\/wp\/v2\/posts"}],"about":[{"href":"https:\/\/zonalimitrofe-cbnr.com\/index.php\/wp-json\/wp\/v2\/types\/post"}],"author":[{"embeddable":true,"href":"https:\/\/zonalimitrofe-cbnr.com\/index.php\/wp-json\/wp\/v2\/users\/1"}],"replies":[{"embeddable":true,"href":"https:\/\/zonalimitrofe-cbnr.com\/index.php\/wp-json\/wp\/v2\/comments?post=24748"}],"version-history":[{"count":1,"href":"https:\/\/zonalimitrofe-cbnr.com\/index.php\/wp-json\/wp\/v2\/posts\/24748\/revisions"}],"predecessor-version":[{"id":24750,"href":"https:\/\/zonalimitrofe-cbnr.com\/index.php\/wp-json\/wp\/v2\/posts\/24748\/revisions\/24750"}],"wp:featuredmedia":[{"embeddable":true,"href":"https:\/\/zonalimitrofe-cbnr.com\/index.php\/wp-json\/wp\/v2\/media\/24749"}],"wp:attachment":[{"href":"https:\/\/zonalimitrofe-cbnr.com\/index.php\/wp-json\/wp\/v2\/media?parent=24748"}],"wp:term":[{"taxonomy":"category","embeddable":true,"href":"https:\/\/zonalimitrofe-cbnr.com\/index.php\/wp-json\/wp\/v2\/categories?post=24748"},{"taxonomy":"post_tag","embeddable":true,"href":"https:\/\/zonalimitrofe-cbnr.com\/index.php\/wp-json\/wp\/v2\/tags?post=24748"}],"curies":[{"name":"wp","href":"https:\/\/api.w.org\/{rel}","templated":true}]}}