{"id":24730,"date":"2025-09-03T15:22:26","date_gmt":"2025-09-03T21:22:26","guid":{"rendered":"https:\/\/zonalimitrofe-cbnr.com\/?p=24730"},"modified":"2025-09-03T15:22:26","modified_gmt":"2025-09-03T21:22:26","slug":"torreon-avanza-preparacion-del-suelo-y-poda-de-arboles-rumbo-a-su-trasplante-por-la-obra-del-sistema-vial-independencia-abastos","status":"publish","type":"post","link":"https:\/\/zonalimitrofe-cbnr.com\/index.php\/2025\/09\/03\/torreon-avanza-preparacion-del-suelo-y-poda-de-arboles-rumbo-a-su-trasplante-por-la-obra-del-sistema-vial-independencia-abastos\/","title":{"rendered":"#Torre\u00f3n. Avanza preparaci\u00f3n del suelo y poda de \u00e1rboles rumbo a su trasplante, por la obra del Sistema Vial Independencia-Abastos"},"content":{"rendered":"\n<p>Torre\u00f3n, Coahuila. A 03 de septiembre de 2025<\/p>\n\n\n\n<p>Como parte de los trabajos en funci\u00f3n del Sistema Vial Independencia-Abastos, a cargo del Gobierno del Estado en coordinaci\u00f3n con el Municipio, personal de la Direcci\u00f3n General de Medio Ambiente y la Direcci\u00f3n de Parques y Jardines, llevaron a cabo una jornada de preparaci\u00f3n de suelo y poda de \u00e1rboles, para el pr\u00f3ximo trasplante de 98 ejemplares.<\/p>\n\n\n\n<p>En esta actividad participaron adem\u00e1s profesores y alumnos de la Universidad Aut\u00f3noma Agraria Antonio Narro (UAAAN-UL), as\u00ed como integrantes del Consejo de Medio Ambiente de Torre\u00f3n, quienes sumaron su conocimiento t\u00e9cnico y compromiso ambiental para garantizar un procedimiento responsable y exitoso.<\/p>\n\n\n\n<p>Marcelo S\u00e1nchez Adame, director de la dependencia, dijo que para las labores se cuenta con los permisos correspondientes, como el de la Manifestaci\u00f3n de Impacto Ambiental (MIA), el cual eval\u00faa los efectos que la obra podr\u00eda causar al medio ambiente.<\/p>\n\n\n\n<p>Indic\u00f3 que el trabajo realizado consisti\u00f3 en la adecuaci\u00f3n del suelo y la poda sanitaria y de formaci\u00f3n, lo que permitir\u00e1 mejorar las condiciones de adaptaci\u00f3n y supervivencia de los \u00e1rboles al momento de ser trasladados.<\/p>\n\n\n\n<p>Destac\u00f3 que como primera etapa de compensaci\u00f3n ecol\u00f3gica, la empresa constructora responsable entreg\u00f3 490 \u00e1rboles de especies regionales, en su mayor\u00eda mezquites, huizaches, l\u00e1grima de San Pedro y retamas, con una altura de 2 a 2.5 metros y un di\u00e1metro de 1.5 pulgadas, lo que garantiza que los ejemplares puedan desarrollarse de forma \u00f3ptima.<\/p>\n\n\n\n<p>Estos \u00e1rboles ya fueron plantados sobre la calzada R\u00edo Nazas y en la Zona Industrial Mieleras; adem\u00e1s, en pr\u00f3ximos d\u00edas se realizar\u00e1 una jornada de reforestaci\u00f3n en la Deportiva Torre\u00f3n.<\/p>\n\n\n\n<p>Sin embargo, se\u00f1al\u00f3 que en caso de que alg\u00fan \u00e1rbol llegara a perecer durante el transcurso de la obra o durante las maniobras de trasplante, la misma empresa compensar\u00e1 con la entrega de 10 unidades, por cada ejemplar que presente esta condici\u00f3n.<\/p>\n\n\n\n<p>El funcionario explic\u00f3 que con estas acciones se busca salvaguardar la mayor cantidad de \u00e1rboles posibles y garantizar que cada intervenci\u00f3n se realice con responsabilidad, contribuyendo a la construcci\u00f3n de un entorno m\u00e1s verde.<\/p>\n\n\n\n<p>En este sentido, inform\u00f3 que adem\u00e1s como parte del programa \u201cTorre\u00f3n m\u00e1s verde\u201d, en lo que va de la actual Administraci\u00f3n, han sido entregados y plantados 15 mil 430 \u00e1rboles y plantas, a trav\u00e9s de donaciones directas en el Vivero Municipal, solicitudes por proyectos en las oficinas de la dependencia, y la entrega de especies en brigadas municipales.<\/p>\n\n\n\n<p>Adem\u00e1s, mediante diversas campa\u00f1as de reforestaci\u00f3n, con la participaci\u00f3n del Gobierno del Estado, por medio de la Secretar\u00eda de Medio Ambiente, empresas, asociaciones y ciudadan\u00eda en general.<\/p>\n\n\n\n<p>Finalmente, dijo que con estas acciones la Administraci\u00f3n Municipal del alcalde Rom\u00e1n Alberto Cepeda Gonz\u00e1lez, reafirma su compromiso con la protecci\u00f3n del arbolado urbano, la colaboraci\u00f3n con la comunidad acad\u00e9mica y los \u00f3rganos de participaci\u00f3n ciudadana, en beneficio de un entorno m\u00e1s verde y sustentable.<\/p>\n","protected":false},"excerpt":{"rendered":"<p>Torre\u00f3n, Coahuila. A 03 de septiembre de 2025 Como parte de los trabajos en funci\u00f3n del Sistema Vial Independencia-Abastos, a cargo del Gobierno del Estado en coordinaci\u00f3n con el Municipio, personal de la Direcci\u00f3n General de Medio Ambiente y la Direcci\u00f3n de Parques y Jardines, llevaron a cabo una jornada de preparaci\u00f3n de suelo y [&hellip;]<\/p>\n","protected":false},"author":1,"featured_media":24731,"comment_status":"open","ping_status":"open","sticky":false,"template":"","format":"standard","meta":{"_monsterinsights_skip_tracking":false,"_monsterinsights_sitenote_active":false,"_monsterinsights_sitenote_note":"","_monsterinsights_sitenote_category":0,"footnotes":""},"categories":[1],"tags":[],"_links":{"self":[{"href":"https:\/\/zonalimitrofe-cbnr.com\/index.php\/wp-json\/wp\/v2\/posts\/24730"}],"collection":[{"href":"https:\/\/zonalimitrofe-cbnr.com\/index.php\/wp-json\/wp\/v2\/posts"}],"about":[{"href":"https:\/\/zonalimitrofe-cbnr.com\/index.php\/wp-json\/wp\/v2\/types\/post"}],"author":[{"embeddable":true,"href":"https:\/\/zonalimitrofe-cbnr.com\/index.php\/wp-json\/wp\/v2\/users\/1"}],"replies":[{"embeddable":true,"href":"https:\/\/zonalimitrofe-cbnr.com\/index.php\/wp-json\/wp\/v2\/comments?post=24730"}],"version-history":[{"count":1,"href":"https:\/\/zonalimitrofe-cbnr.com\/index.php\/wp-json\/wp\/v2\/posts\/24730\/revisions"}],"predecessor-version":[{"id":24732,"href":"https:\/\/zonalimitrofe-cbnr.com\/index.php\/wp-json\/wp\/v2\/posts\/24730\/revisions\/24732"}],"wp:featuredmedia":[{"embeddable":true,"href":"https:\/\/zonalimitrofe-cbnr.com\/index.php\/wp-json\/wp\/v2\/media\/24731"}],"wp:attachment":[{"href":"https:\/\/zonalimitrofe-cbnr.com\/index.php\/wp-json\/wp\/v2\/media?parent=24730"}],"wp:term":[{"taxonomy":"category","embeddable":true,"href":"https:\/\/zonalimitrofe-cbnr.com\/index.php\/wp-json\/wp\/v2\/categories?post=24730"},{"taxonomy":"post_tag","embeddable":true,"href":"https:\/\/zonalimitrofe-cbnr.com\/index.php\/wp-json\/wp\/v2\/tags?post=24730"}],"curies":[{"name":"wp","href":"https:\/\/api.w.org\/{rel}","templated":true}]}}