{"id":24727,"date":"2025-09-03T15:19:32","date_gmt":"2025-09-03T21:19:32","guid":{"rendered":"https:\/\/zonalimitrofe-cbnr.com\/?p=24727"},"modified":"2025-09-03T15:19:32","modified_gmt":"2025-09-03T21:19:32","slug":"torreon-el-historiador-argentino-mario-cerutti-presentara-su-libro-en-el-museo-arocena","status":"publish","type":"post","link":"https:\/\/zonalimitrofe-cbnr.com\/index.php\/2025\/09\/03\/torreon-el-historiador-argentino-mario-cerutti-presentara-su-libro-en-el-museo-arocena\/","title":{"rendered":"#Torre\u00f3n. El historiador argentino Mario Cerutti presentar\u00e1 su libro en el Museo Arocena"},"content":{"rendered":"\n<p>Torre\u00f3n, Coahuila a 03 de septiembre del 2025<\/p>\n\n\n\n<p>En el marco del 118 Aniversario de la ciudad, el Ayuntamiento de Torre\u00f3n, a trav\u00e9s del Archivo Municipal, en coordinaci\u00f3n con la Universidad Aut\u00f3noma de Nuevo Le\u00f3n (UANL), invitan a la presentaci\u00f3n del libro: La Comarca Lagunera (1875-1975) Cinco estudios sobre su historia econ\u00f3mica y empresarial, de Mario Cerutti.<\/p>\n\n\n\n<p>El autor fue recientemente nombrado Investigador Em\u00e9rito en el Sistema Nacional de Investigadores (SIN).<\/p>\n\n\n\n<p>Cinthia Gaspar Montero, directora de la dependencia, se\u00f1al\u00f3 que esta actividad se realizar\u00e1 el pr\u00f3ximo jueves 4 de septiembre a las 19:00 horas, en el Auditorio del Museo Arocena, con entrada libre.<\/p>\n\n\n\n<p>Indic\u00f3 que en los comentarios se contar\u00e1 con la participaci\u00f3n de Alejandro D\u00e1vila Flores y Javier Ramos Salas.<\/p>\n\n\n\n<p>Este cuarto volumen de la colecci\u00f3n que difunde Plaza y Vald\u00e9s se sustenta en cinco estudios. El primero trata de explicar c\u00f3mo se conform\u00f3 en medio del desierto una potente econom\u00eda regional basada en la agricultura; el segundo alude a uno de los ejes del libro: c\u00f3mo desde la econom\u00eda algodonera se construy\u00f3 en La Laguna un tejido productivo regional que habr\u00eda de perdurar m\u00e1s all\u00e1 de los acontecimientos econ\u00f3micos, sociales y pol\u00edticos que la sacudieron durante la primera mitad del siglo XX.<\/p>\n\n\n\n<p>Mientras que el tercer y cuarto estudio aluden a esos acontecimientos, entre los que sobresalen la Revoluci\u00f3n mexicana y la Reforma agraria.<\/p>\n\n\n\n<p>Habla de la supervivencia de la gran propiedad hasta mediados de los a\u00f1os 30, de la notable importancia del arrendamiento y la aparcer\u00eda, de innovaciones derivadas de la segunda revoluci\u00f3n tecnol\u00f3gica. Tras la Reforma, el tejido productivo no solo resiste, sino que se expande con nuevos actores tanto en el \u00e1mbito rural como en los medios urbanos. La agricultura empresarial tiende a diversificarse para apostar hacia actividades no solo m\u00e1s rentables, sino tambi\u00e9n menos sometidas a la interminable incertidumbre.<\/p>\n\n\n\n<p>El volumen cierra con dos grandes preguntas: \u00bfc\u00f3mo una regi\u00f3n de agricultura especializada pudo resolver la crisis estructural de la econom\u00eda sobre la que hab\u00eda crecido a trav\u00e9s de tres cuartos de siglo? y \u00bfC\u00f3mo reconstruir un tejido productivo profundamente afectado por la Reforma agraria y los acentuados cambios institucionales?<\/p>\n\n\n\n<p>Modificar su rumbo le llev\u00f3 a La Laguna 25 a\u00f1os. Y del racimo de actividades que ven\u00edan abri\u00e9ndose paso terminar\u00eda por liderar esa nueva trayectoria una de las cuencas lecheras m\u00e1s importantes de M\u00e9xico.<\/p>\n\n\n\n<p>Mario Cerutti es un especialista en Historia Econ\u00f3mica y Empresarial del Norte de M\u00e9xico, ha publicado resultados de investigaci\u00f3n en Alemania, Italia, Pa\u00edses Bajos, Espa\u00f1a, Portugal, Inglaterra, Francia, Estados Unidos, Argentina, Brasil, Colombia, Per\u00fa, Venezuela y M\u00e9xico.<\/p>\n","protected":false},"excerpt":{"rendered":"<p>Torre\u00f3n, Coahuila a 03 de septiembre del 2025 En el marco del 118 Aniversario de la ciudad, el Ayuntamiento de Torre\u00f3n, a trav\u00e9s del Archivo Municipal, en coordinaci\u00f3n con la Universidad Aut\u00f3noma de Nuevo Le\u00f3n (UANL), invitan a la presentaci\u00f3n del libro: La Comarca Lagunera (1875-1975) Cinco estudios sobre su historia econ\u00f3mica y empresarial, de [&hellip;]<\/p>\n","protected":false},"author":1,"featured_media":24728,"comment_status":"open","ping_status":"open","sticky":false,"template":"","format":"standard","meta":{"_monsterinsights_skip_tracking":false,"_monsterinsights_sitenote_active":false,"_monsterinsights_sitenote_note":"","_monsterinsights_sitenote_category":0,"footnotes":""},"categories":[1],"tags":[],"_links":{"self":[{"href":"https:\/\/zonalimitrofe-cbnr.com\/index.php\/wp-json\/wp\/v2\/posts\/24727"}],"collection":[{"href":"https:\/\/zonalimitrofe-cbnr.com\/index.php\/wp-json\/wp\/v2\/posts"}],"about":[{"href":"https:\/\/zonalimitrofe-cbnr.com\/index.php\/wp-json\/wp\/v2\/types\/post"}],"author":[{"embeddable":true,"href":"https:\/\/zonalimitrofe-cbnr.com\/index.php\/wp-json\/wp\/v2\/users\/1"}],"replies":[{"embeddable":true,"href":"https:\/\/zonalimitrofe-cbnr.com\/index.php\/wp-json\/wp\/v2\/comments?post=24727"}],"version-history":[{"count":1,"href":"https:\/\/zonalimitrofe-cbnr.com\/index.php\/wp-json\/wp\/v2\/posts\/24727\/revisions"}],"predecessor-version":[{"id":24729,"href":"https:\/\/zonalimitrofe-cbnr.com\/index.php\/wp-json\/wp\/v2\/posts\/24727\/revisions\/24729"}],"wp:featuredmedia":[{"embeddable":true,"href":"https:\/\/zonalimitrofe-cbnr.com\/index.php\/wp-json\/wp\/v2\/media\/24728"}],"wp:attachment":[{"href":"https:\/\/zonalimitrofe-cbnr.com\/index.php\/wp-json\/wp\/v2\/media?parent=24727"}],"wp:term":[{"taxonomy":"category","embeddable":true,"href":"https:\/\/zonalimitrofe-cbnr.com\/index.php\/wp-json\/wp\/v2\/categories?post=24727"},{"taxonomy":"post_tag","embeddable":true,"href":"https:\/\/zonalimitrofe-cbnr.com\/index.php\/wp-json\/wp\/v2\/tags?post=24727"}],"curies":[{"name":"wp","href":"https:\/\/api.w.org\/{rel}","templated":true}]}}