{"id":24724,"date":"2025-09-03T15:17:56","date_gmt":"2025-09-03T21:17:56","guid":{"rendered":"https:\/\/zonalimitrofe-cbnr.com\/?p=24724"},"modified":"2025-09-03T15:17:56","modified_gmt":"2025-09-03T21:17:56","slug":"lerdo-servicios-publicos-atiende-plazas-publicas-de-lerdo","status":"publish","type":"post","link":"https:\/\/zonalimitrofe-cbnr.com\/index.php\/2025\/09\/03\/lerdo-servicios-publicos-atiende-plazas-publicas-de-lerdo\/","title":{"rendered":"#Lerdo. SERVICIOS P\u00daBLICOS ATIENDE PLAZAS P\u00daBLICAS DE LERDO*"},"content":{"rendered":"\n<p>Lerdo, 03 de septiembre 2025.- Por instrucciones de la Presidenta Municipal, Susy Carolina Torrecillas Salazar, la direcci\u00f3n de Servicios P\u00fablicos, a cargo de Jorge Alberto Silva Loera, contin\u00faa con las labores de mantenimiento en diferentes espacios p\u00fablicos del municipio.<\/p>\n\n\n\n<p>A trav\u00e9s del \u00e1rea de Parques y Jardines, se realizaron trabajos en los fraccionamientos San Felipe y Villa San Isidro, donde el personal llev\u00f3 a cabo acciones de deshierbe, barrido manual, limpieza, retiro de escombro, entre otras tareas para la conservaci\u00f3n de estas \u00e1reas.<\/p>\n\n\n\n<p>El titular de Servicios P\u00fablicos se\u00f1al\u00f3 que la indicaci\u00f3n de la Alcaldesa Susy Torrecillas es atender cada rinc\u00f3n de la ciudad, con el objetivo de mantener espacios \u00f3ptimos y dignos para las familias que diariamente hacen uso de estos puntos para actividades recreativas y de convivencia.<\/p>\n\n\n\n<p>Finalmente, el funcionario exhort\u00f3 a la ciudadan\u00eda a no arrojar basura en las plazas p\u00fablicas y a contribuir en el cuidado de los espacios comunes. Asimismo, invit\u00f3 a la poblaci\u00f3n a realizar cualquier reporte o solicitud de atenci\u00f3n a la direcci\u00f3n de Servicios P\u00fablicos, a fin de dar respuesta oportuna a las necesidades de la comunidad.<\/p>\n","protected":false},"excerpt":{"rendered":"<p>Lerdo, 03 de septiembre 2025.- Por instrucciones de la Presidenta Municipal, Susy Carolina Torrecillas Salazar, la direcci\u00f3n de Servicios P\u00fablicos, a cargo de Jorge Alberto Silva Loera, contin\u00faa con las labores de mantenimiento en diferentes espacios p\u00fablicos del municipio. A trav\u00e9s del \u00e1rea de Parques y Jardines, se realizaron trabajos en los fraccionamientos San Felipe [&hellip;]<\/p>\n","protected":false},"author":1,"featured_media":24725,"comment_status":"open","ping_status":"open","sticky":false,"template":"","format":"standard","meta":{"_monsterinsights_skip_tracking":false,"_monsterinsights_sitenote_active":false,"_monsterinsights_sitenote_note":"","_monsterinsights_sitenote_category":0,"footnotes":""},"categories":[1],"tags":[],"_links":{"self":[{"href":"https:\/\/zonalimitrofe-cbnr.com\/index.php\/wp-json\/wp\/v2\/posts\/24724"}],"collection":[{"href":"https:\/\/zonalimitrofe-cbnr.com\/index.php\/wp-json\/wp\/v2\/posts"}],"about":[{"href":"https:\/\/zonalimitrofe-cbnr.com\/index.php\/wp-json\/wp\/v2\/types\/post"}],"author":[{"embeddable":true,"href":"https:\/\/zonalimitrofe-cbnr.com\/index.php\/wp-json\/wp\/v2\/users\/1"}],"replies":[{"embeddable":true,"href":"https:\/\/zonalimitrofe-cbnr.com\/index.php\/wp-json\/wp\/v2\/comments?post=24724"}],"version-history":[{"count":1,"href":"https:\/\/zonalimitrofe-cbnr.com\/index.php\/wp-json\/wp\/v2\/posts\/24724\/revisions"}],"predecessor-version":[{"id":24726,"href":"https:\/\/zonalimitrofe-cbnr.com\/index.php\/wp-json\/wp\/v2\/posts\/24724\/revisions\/24726"}],"wp:featuredmedia":[{"embeddable":true,"href":"https:\/\/zonalimitrofe-cbnr.com\/index.php\/wp-json\/wp\/v2\/media\/24725"}],"wp:attachment":[{"href":"https:\/\/zonalimitrofe-cbnr.com\/index.php\/wp-json\/wp\/v2\/media?parent=24724"}],"wp:term":[{"taxonomy":"category","embeddable":true,"href":"https:\/\/zonalimitrofe-cbnr.com\/index.php\/wp-json\/wp\/v2\/categories?post=24724"},{"taxonomy":"post_tag","embeddable":true,"href":"https:\/\/zonalimitrofe-cbnr.com\/index.php\/wp-json\/wp\/v2\/tags?post=24724"}],"curies":[{"name":"wp","href":"https:\/\/api.w.org\/{rel}","templated":true}]}}