{"id":24714,"date":"2025-09-03T15:06:09","date_gmt":"2025-09-03T21:06:09","guid":{"rendered":"https:\/\/zonalimitrofe-cbnr.com\/?p=24714"},"modified":"2025-09-03T15:08:43","modified_gmt":"2025-09-03T21:08:43","slug":"torreon-revisan-operativos-de-seguridad-para-el-arranque-de-la-feria-de-torreon","status":"publish","type":"post","link":"https:\/\/zonalimitrofe-cbnr.com\/index.php\/2025\/09\/03\/torreon-revisan-operativos-de-seguridad-para-el-arranque-de-la-feria-de-torreon\/","title":{"rendered":"#Torre\u00f3n. Revisan operativos de seguridad para el arranque de la Feria de Torre\u00f3n"},"content":{"rendered":"\n<p><strong>Torre\u00f3n, Coahuila. A 3 de septiembre de 2025.-<\/strong> Durante la trig\u00e9sima tercera reuni\u00f3n semanal de seguridad, que en representaci\u00f3n del alcalde Rom\u00e1n Alberto Cepeda Gonz\u00e1lez, presidi\u00f3 el secretario del Ayuntamiento, Eduardo Olmos Castro, se instruy\u00f3 a coordinar acciones para mantener el orden y la paz social en el inicio de la Feria de Torre\u00f3n, que ser\u00e1 el pr\u00f3ximo viernes. &#8220;La petici\u00f3n del Alcalde es trabajar de manera coordinada para obtener saldo blanco durante el arranque y transcurso de la Feria de Torre\u00f3n, y otorgar a los ciudadanos la atenci\u00f3n plena en materia de seguridad&#8221;, dijo Olmos Castro. En otro tema, consider\u00f3 importante alertar a la ciudadan\u00eda sobre los diferentes esquemas de fraudes a trav\u00e9s de llamadas telef\u00f3nicas. Previo a la revisi\u00f3n de los temas de seguridad, Eduardo Olmos Castro manifest\u00f3 su satisfacci\u00f3n por la oportunidad de asumir el nuevo cargo en el que trabajar\u00e1 en coordinaci\u00f3n con el Gobierno del Estado, y reconoci\u00f3 la labor realizada por quien le antecedi\u00f3 como Secretario del Ayuntamiento, Jos\u00e9 El\u00edas Ganem. \u201cLa instrucci\u00f3n del Alcalde es seguir otorgando a la ciudadan\u00eda la confianza de que Torre\u00f3n es un lugar seguro, lo cual se refleja a trav\u00e9s de la inversi\u00f3n, la atenci\u00f3n y la seriedad con la que se trabaja de manera coordinada con los tres \u00f3rdenes de Gobierno\u201d. Durante la mesa de trabajo, se integr\u00f3 Martha Alicia Faz D\u00e1vila, directora de Tr\u00e1nsito y Vialidad. Referente al \u00edndice semanal de incidencia delictiva, el comisario Alfredo Flores Originales, director de la Polic\u00eda de Torre\u00f3n, inform\u00f3 que del 26 de agosto al 1 de septiembre, disminuy\u00f3 el \u00edndice delictivo en el rubro de robo a local comercial, con cinco eventos; y robo a transportista, con un evento; se mantuvo el \u00edndice de robo a local comercial con violencia, con un evento. La Polic\u00eda Municipal efectu\u00f3 119 detenciones que fueron remitidas al Ministerio P\u00fablico y 138 al Juez Calificador. El Grupo de Reacci\u00f3n Torre\u00f3n realiz\u00f3 18 detenciones relacionadas con la posesi\u00f3n de narc\u00f3ticos. Adem\u00e1s, el Comisario destac\u00f3 el curso impartido por la Comisi\u00f3n de Derechos Humanos del Estado de Coahuila, dirigido a 68 elementos del GRT. Martha Rodr\u00edguez Romero, directora general del Centro de Justicia Municipal (CJM), dijo que la principal causa de accidentes viales contin\u00faa siendo la falta de precauci\u00f3n, que engloba choques por alcance, corte de circulaci\u00f3n y p\u00e9rdida de control del veh\u00edculo.<\/p>\n\n\n\n<p>Inform\u00f3 que present\u00f3 a la Comisi\u00f3n de Justicia los avances del SISUN (Sistema \u00danico), modelo tecnol\u00f3gico dise\u00f1ado para optimizar los tr\u00e1mites y concentrar con mayor rapidez la informaci\u00f3n de las personas detenidas, que se encuentra a\u00fan en<\/p>\n\n\n\n<p>fase piloto.<\/p>\n\n\n\n<p>Destac\u00f3 tambi\u00e9n la presencia de peritos terrestres para agilizar la atenci\u00f3n en distintos puntos de la ciudad, reforzando las acciones con el regreso a clases.<\/p>\n\n\n\n<p>Luis Alberto Morales Cort\u00e9s, director general de Vialidad y Movilidad Urbana, destac\u00f3 que dentro de los actos heroicos en los que participan los agentes, lograron la detenci\u00f3n de un presunto asaltante tras arrebatarle el celular a una ciudadana. La persona fue asegurada y puesta a disposici\u00f3n de la Direcci\u00f3n de Seguridad P\u00fablica Municipal.<\/p>\n\n\n\n<p>Sobre el operativo de seguridad vial implementado en el TSM por el partido de Santos Laguna &#8211; Tigres que tuvo un aforo de 15 mil 457 asistentes, mencion\u00f3 que concluy\u00f3 con saldo blanco.<\/p>\n\n\n\n<p>Tambi\u00e9n se\u00f1al\u00f3 que con el regreso a clases, se reanuda el programa de Movilidad Escolar, con la participaci\u00f3n de padres de familia y docentes. En el a\u00f1o se han activado nueve escuelas y beneficiado a un total de 3 mil 287 alumnos.<\/p>\n\n\n\n<p>Jorge Luis Ju\u00e1rez Llanas, director de Protecci\u00f3n Civil y Bomberos, dijo que esta semana se atendieron 155 servicios por parte de las diferentes estaciones de la corporaci\u00f3n.<\/p>\n\n\n\n<p>De igual forma, dio a conocer que elementos de bomberos concluyeron la capacitaci\u00f3n de Uso y Manejo del Equipo de Respiraci\u00f3n Aut\u00f3noma (ERA), con la finalidad de mejorar sus t\u00e9cnicas en las emergencias que se presenten.<\/p>\n\n\n\n<p>Destac\u00f3 tambi\u00e9n las acciones de preparaci\u00f3n para la coordinaci\u00f3n del Segundo Simulacro Nacional, el 19 de septiembre.<\/p>\n\n\n\n<p>Pablo Fern\u00e1ndez Llamas, director de Inspecci\u00f3n y Verificaci\u00f3n, se\u00f1al\u00f3 que los principales reportes que recibi\u00f3 la dependencia mediante el sistema 073, fueron por obstrucci\u00f3n en la v\u00eda p\u00fablica, con 11; y veh\u00edculos chatarra, con 14.<\/p>\n","protected":false},"excerpt":{"rendered":"<p>Torre\u00f3n, Coahuila. A 3 de septiembre de 2025.- Durante la trig\u00e9sima tercera reuni\u00f3n semanal de seguridad, que en representaci\u00f3n del alcalde Rom\u00e1n Alberto Cepeda Gonz\u00e1lez, presidi\u00f3 el secretario del Ayuntamiento, Eduardo Olmos Castro, se instruy\u00f3 a coordinar acciones para mantener el orden y la paz social en el inicio de la Feria de Torre\u00f3n, que [&hellip;]<\/p>\n","protected":false},"author":1,"featured_media":24717,"comment_status":"open","ping_status":"open","sticky":false,"template":"","format":"standard","meta":{"_monsterinsights_skip_tracking":false,"_monsterinsights_sitenote_active":false,"_monsterinsights_sitenote_note":"","_monsterinsights_sitenote_category":0,"footnotes":""},"categories":[1],"tags":[],"_links":{"self":[{"href":"https:\/\/zonalimitrofe-cbnr.com\/index.php\/wp-json\/wp\/v2\/posts\/24714"}],"collection":[{"href":"https:\/\/zonalimitrofe-cbnr.com\/index.php\/wp-json\/wp\/v2\/posts"}],"about":[{"href":"https:\/\/zonalimitrofe-cbnr.com\/index.php\/wp-json\/wp\/v2\/types\/post"}],"author":[{"embeddable":true,"href":"https:\/\/zonalimitrofe-cbnr.com\/index.php\/wp-json\/wp\/v2\/users\/1"}],"replies":[{"embeddable":true,"href":"https:\/\/zonalimitrofe-cbnr.com\/index.php\/wp-json\/wp\/v2\/comments?post=24714"}],"version-history":[{"count":1,"href":"https:\/\/zonalimitrofe-cbnr.com\/index.php\/wp-json\/wp\/v2\/posts\/24714\/revisions"}],"predecessor-version":[{"id":24716,"href":"https:\/\/zonalimitrofe-cbnr.com\/index.php\/wp-json\/wp\/v2\/posts\/24714\/revisions\/24716"}],"wp:featuredmedia":[{"embeddable":true,"href":"https:\/\/zonalimitrofe-cbnr.com\/index.php\/wp-json\/wp\/v2\/media\/24717"}],"wp:attachment":[{"href":"https:\/\/zonalimitrofe-cbnr.com\/index.php\/wp-json\/wp\/v2\/media?parent=24714"}],"wp:term":[{"taxonomy":"category","embeddable":true,"href":"https:\/\/zonalimitrofe-cbnr.com\/index.php\/wp-json\/wp\/v2\/categories?post=24714"},{"taxonomy":"post_tag","embeddable":true,"href":"https:\/\/zonalimitrofe-cbnr.com\/index.php\/wp-json\/wp\/v2\/tags?post=24714"}],"curies":[{"name":"wp","href":"https:\/\/api.w.org\/{rel}","templated":true}]}}