{"id":24708,"date":"2025-09-03T14:59:51","date_gmt":"2025-09-03T20:59:51","guid":{"rendered":"https:\/\/zonalimitrofe-cbnr.com\/?p=24708"},"modified":"2025-09-03T14:59:51","modified_gmt":"2025-09-03T20:59:51","slug":"lerdo-visita-scts-el-sistema-dif-en-lerdo-reafirma-compromiso-de-trabajar-en-cercania-con-la-gente","status":"publish","type":"post","link":"https:\/\/zonalimitrofe-cbnr.com\/index.php\/2025\/09\/03\/lerdo-visita-scts-el-sistema-dif-en-lerdo-reafirma-compromiso-de-trabajar-en-cercania-con-la-gente\/","title":{"rendered":"#Lerdo. VISITA SCTS EL SISTEMA DIF EN LERDO, REAFIRMA COMPROMISO DE TRABAJAR EN CERCAN\u00cdA CON LA GENTE*"},"content":{"rendered":"\n<p>Lerdo, 03 de septiembre 2025.- La Presienta Municipal de Lerdo, Susy Carolina Torrecillas Salazar present\u00f3 de manera oficial a la directora general del Sistema para el Desarrollo Integral de la Familia (DIF), Rita Loza Covarrubias, ante el personal operativo.<\/p>\n\n\n\n<p>As\u00ed mismo, comparti\u00f3 un poco de la transformaci\u00f3n que han presentado las instalaciones del DIF y exhort\u00f3 al personal para continuar trabajando bajo la misma directriz de un trato cordial a la ciudadan\u00eda, al ser el rostro amable del gobierno.<\/p>\n\n\n\n<p>\u201cEste edificio lo construimos con mucho amor, esfuerzo\u2026Continuemos trabajando juntos por Lerdo, con el compromiso de servir con sensibilidad, respeto y cercan\u00eda a cada familia, porque DIF es y seguir\u00e1 siendo un espacio de esperanza y apoyo para la gente\u201d.<\/p>\n\n\n\n<p>La Alcaldesa de Lerdo SCTS, aprovech\u00f3 para reconocer el respaldo del Expresidente Homero Mart\u00ednez Cabrera, por la rehabilitaci\u00f3n del edificio DIF, pues ahora las oficinas se encuentran en \u00f3ptimas condiciones para brindar una atenci\u00f3n de calidad a la poblaci\u00f3n que llega a solicitar alg\u00fan apoyo, ya sea econ\u00f3mico, de especie, legal o de contenci\u00f3n emocional.<\/p>\n\n\n\n<p>Ah\u00ed, la Presidenta Municipal Susy Torrecillas instruy\u00f3 a la directora general del DIF, Rita Loza, para garantizar que los apoyos y campa\u00f1as lleguen a toda la poblaci\u00f3n, priorizando las comunidades m\u00e1s vulnerables y las m\u00e1s alejadas del territorio lerdense.<\/p>\n\n\n\n<p>Ser\u00e1 a partir de la semana entrante, cuando los encargados y jefes de cada uno de los departamentos del Sistema DIF Lerdo, comiencen a difundir sus programas en escuelas, comunidades y colonias del municipio.<\/p>\n\n\n\n<p>Al finalizar el recorrido y encuentro con el personal, SCTS reiter\u00f3 su respaldo al equipo de trabajo para dar el m\u00e1ximo esfuerzo en beneficio de la ciudadan\u00eda.<\/p>\n","protected":false},"excerpt":{"rendered":"<p>Lerdo, 03 de septiembre 2025.- La Presienta Municipal de Lerdo, Susy Carolina Torrecillas Salazar present\u00f3 de manera oficial a la directora general del Sistema para el Desarrollo Integral de la Familia (DIF), Rita Loza Covarrubias, ante el personal operativo. As\u00ed mismo, comparti\u00f3 un poco de la transformaci\u00f3n que han presentado las instalaciones del DIF y [&hellip;]<\/p>\n","protected":false},"author":1,"featured_media":24709,"comment_status":"open","ping_status":"open","sticky":false,"template":"","format":"standard","meta":{"_monsterinsights_skip_tracking":false,"_monsterinsights_sitenote_active":false,"_monsterinsights_sitenote_note":"","_monsterinsights_sitenote_category":0,"footnotes":""},"categories":[1],"tags":[],"_links":{"self":[{"href":"https:\/\/zonalimitrofe-cbnr.com\/index.php\/wp-json\/wp\/v2\/posts\/24708"}],"collection":[{"href":"https:\/\/zonalimitrofe-cbnr.com\/index.php\/wp-json\/wp\/v2\/posts"}],"about":[{"href":"https:\/\/zonalimitrofe-cbnr.com\/index.php\/wp-json\/wp\/v2\/types\/post"}],"author":[{"embeddable":true,"href":"https:\/\/zonalimitrofe-cbnr.com\/index.php\/wp-json\/wp\/v2\/users\/1"}],"replies":[{"embeddable":true,"href":"https:\/\/zonalimitrofe-cbnr.com\/index.php\/wp-json\/wp\/v2\/comments?post=24708"}],"version-history":[{"count":1,"href":"https:\/\/zonalimitrofe-cbnr.com\/index.php\/wp-json\/wp\/v2\/posts\/24708\/revisions"}],"predecessor-version":[{"id":24710,"href":"https:\/\/zonalimitrofe-cbnr.com\/index.php\/wp-json\/wp\/v2\/posts\/24708\/revisions\/24710"}],"wp:featuredmedia":[{"embeddable":true,"href":"https:\/\/zonalimitrofe-cbnr.com\/index.php\/wp-json\/wp\/v2\/media\/24709"}],"wp:attachment":[{"href":"https:\/\/zonalimitrofe-cbnr.com\/index.php\/wp-json\/wp\/v2\/media?parent=24708"}],"wp:term":[{"taxonomy":"category","embeddable":true,"href":"https:\/\/zonalimitrofe-cbnr.com\/index.php\/wp-json\/wp\/v2\/categories?post=24708"},{"taxonomy":"post_tag","embeddable":true,"href":"https:\/\/zonalimitrofe-cbnr.com\/index.php\/wp-json\/wp\/v2\/tags?post=24708"}],"curies":[{"name":"wp","href":"https:\/\/api.w.org\/{rel}","templated":true}]}}