{"id":24696,"date":"2025-09-02T18:59:09","date_gmt":"2025-09-03T00:59:09","guid":{"rendered":"https:\/\/zonalimitrofe-cbnr.com\/?p=24696"},"modified":"2025-09-02T18:59:09","modified_gmt":"2025-09-03T00:59:09","slug":"uadec-imparten-en-la-uadec-la-conferencia-el-papel-de-las-universidades-en-la-formacion-de-derechos-humanos","status":"publish","type":"post","link":"https:\/\/zonalimitrofe-cbnr.com\/index.php\/2025\/09\/02\/uadec-imparten-en-la-uadec-la-conferencia-el-papel-de-las-universidades-en-la-formacion-de-derechos-humanos\/","title":{"rendered":"#UAdeC. Imparten en la UAdeC la Conferencia \u201cEl Papel de las Universidades en la Formaci\u00f3n de Derechos Humanos\u201d"},"content":{"rendered":"\n<p>ARTEAGA, Coahuila. 2 de septiembre de 2025. En el marco de los festejos por el 10\u00b0 Aniversario de la Academia Interamericana de Derechos Humanos (AIDH) de la Universidad Aut\u00f3noma de Coahuila, se llev\u00f3 a cabo la conferencia \u201cEl papel de las universidades en la formaci\u00f3n de derechos humanos\u201d, impartida por el Dr. Luis Armando Gonz\u00e1lez Placencia, secretario general ejecutivo de la Asociaci\u00f3n Nacional de Universidades e Instituciones de Educaci\u00f3n Superior (ANUIES).<\/p>\n\n\n\n<p>En el Edificio Derechos Humanos Siglo XXI de Ciudad Universitaria de Arteaga, el evento fue encabezado por el rector de la UAdeC, Octavio Pimentel Mart\u00ednez, el fundador de la Academia, el magistrado Luis Efr\u00e9n R\u00edos Vega y la directora general de la AIDH, Irene Spigno.<\/p>\n\n\n\n<p>En su mensaje de bienvenida, la directora de la AIDH, Irene Spigno, se\u00f1al\u00f3 que la defensa de los derechos humanos no debe limitarse al \u00e1mbito jur\u00eddico, sino abordarse desde un enfoque multidisciplinario, pues incumbe a todas las \u00e1reas del conocimiento, incluidas las ciencias exactas y de la salud, por ello celebr\u00f3 la participaci\u00f3n del Dr. Luis Armando Gonz\u00e1lez Placencia, a quien describi\u00f3 como un aliado cercano de la Academia desde sus or\u00edgenes y un experto con amplia formaci\u00f3n tanto en Derechos humanos como en Psicolog\u00eda.<\/p>\n\n\n\n<p>Por su parte el rector Octavio Pimentel Mart\u00ednez, destac\u00f3 que la UAdeC es una instituci\u00f3n colaborativa que trabaja de manera constante en la defensa de los derechos humanos y el humanismo, esfuerzo que ha implicado romper paradigmas y procesos tradicionales para implementar acciones con impacto real en la formaci\u00f3n de las y los estudiantes.<\/p>\n\n\n\n<p>Reconoci\u00f3 la labor de la Academia Interamericana de Derechos Humanos, a la que calific\u00f3 como un modelo \u00fanico en Am\u00e9rica Latina por su capacidad de articular esfuerzos con el gobierno, la sociedad civil, la industria y la academia y con ella la Universidad ha fortalecido sus mecanismos de atenci\u00f3n y formaci\u00f3n en materia de derechos humanos, como el Tribunal Universitario de Atenci\u00f3n a la Violencia de G\u00e9nero, la actualizaci\u00f3n constante de protocolos y la incorporaci\u00f3n de contenidos en los planes de estudio.<\/p>\n\n\n\n<p>Pimentel Mart\u00ednez record\u00f3 que la misi\u00f3n esencial de la UAdeC es formar personas de bien, capaces de transformar su entorno y contribuir al desarrollo del pa\u00eds con conocimientos, valores y compromiso social.<\/p>\n\n\n\n<p>En su intervenci\u00f3n, el secretario general ejecutivo de la ANUIES, Luis Armando Gonz\u00e1lez Placencia, se\u00f1al\u00f3 que los Derechos humanos no deben verse como una evoluci\u00f3n lineal, sino como respuestas sociales frente a situaciones de opresi\u00f3n; explic\u00f3 que hist\u00f3ricamente son las v\u00edctimas quienes, al visibilizar las injusticias, legitiman la creaci\u00f3n de nuevas garant\u00edas jur\u00eddicas, lo que da a los derechos su car\u00e1cter emancipador.<\/p>\n\n\n\n<p>Gonz\u00e1lez Placencia, llam\u00f3 a las universidades a reflexionar y asumir un papel activo en la formaci\u00f3n de conciencia cr\u00edtica y en la defensa de los derechos humanos en el contexto actual, puesto que las instituciones de educaci\u00f3n superior no deben limitarse a crear \u00e9lites, sino a mantenerse cercanas a la comunidad, demostrando con acciones concretas que su labor es \u00fatil y transformadora.<\/p>\n\n\n\n<p>Luis Armando Gonz\u00e1lez Placencia es doctor en Pol\u00edtica criminal por el Instituto Nacional de Ciencias Penales; Master in Law por el International Institute for the Sociology of Law con sede en O\u00f1ati, Espa\u00f1a y licenciado en psicolog\u00eda por la UNAM; es Profesor Investigador Titular B de Tiempo Completo en el Centro de Investigaciones Jur\u00eddico-Pol\u00edticas de la Universidad Aut\u00f3noma de Tlaxcala.<\/p>\n\n\n\n<p>Entre 2009 y 2013 fue Ombudsman de la Ciudad de M\u00e9xico, fue Rector de la Universidad Aut\u00f3noma de Tlaxcala en el periodo 2018-2022 y en 2023 fue elegido secretario general Ejecutivo de la Asociaci\u00f3n Nacional de Universidades e Instituciones de Educaci\u00f3n Superior (ANUIES).<\/p>\n","protected":false},"excerpt":{"rendered":"<p>ARTEAGA, Coahuila. 2 de septiembre de 2025. En el marco de los festejos por el 10\u00b0 Aniversario de la Academia Interamericana de Derechos Humanos (AIDH) de la Universidad Aut\u00f3noma de Coahuila, se llev\u00f3 a cabo la conferencia \u201cEl papel de las universidades en la formaci\u00f3n de derechos humanos\u201d, impartida por el Dr. Luis Armando Gonz\u00e1lez [&hellip;]<\/p>\n","protected":false},"author":1,"featured_media":24697,"comment_status":"open","ping_status":"open","sticky":false,"template":"","format":"standard","meta":{"_monsterinsights_skip_tracking":false,"_monsterinsights_sitenote_active":false,"_monsterinsights_sitenote_note":"","_monsterinsights_sitenote_category":0,"footnotes":""},"categories":[1],"tags":[],"_links":{"self":[{"href":"https:\/\/zonalimitrofe-cbnr.com\/index.php\/wp-json\/wp\/v2\/posts\/24696"}],"collection":[{"href":"https:\/\/zonalimitrofe-cbnr.com\/index.php\/wp-json\/wp\/v2\/posts"}],"about":[{"href":"https:\/\/zonalimitrofe-cbnr.com\/index.php\/wp-json\/wp\/v2\/types\/post"}],"author":[{"embeddable":true,"href":"https:\/\/zonalimitrofe-cbnr.com\/index.php\/wp-json\/wp\/v2\/users\/1"}],"replies":[{"embeddable":true,"href":"https:\/\/zonalimitrofe-cbnr.com\/index.php\/wp-json\/wp\/v2\/comments?post=24696"}],"version-history":[{"count":1,"href":"https:\/\/zonalimitrofe-cbnr.com\/index.php\/wp-json\/wp\/v2\/posts\/24696\/revisions"}],"predecessor-version":[{"id":24698,"href":"https:\/\/zonalimitrofe-cbnr.com\/index.php\/wp-json\/wp\/v2\/posts\/24696\/revisions\/24698"}],"wp:featuredmedia":[{"embeddable":true,"href":"https:\/\/zonalimitrofe-cbnr.com\/index.php\/wp-json\/wp\/v2\/media\/24697"}],"wp:attachment":[{"href":"https:\/\/zonalimitrofe-cbnr.com\/index.php\/wp-json\/wp\/v2\/media?parent=24696"}],"wp:term":[{"taxonomy":"category","embeddable":true,"href":"https:\/\/zonalimitrofe-cbnr.com\/index.php\/wp-json\/wp\/v2\/categories?post=24696"},{"taxonomy":"post_tag","embeddable":true,"href":"https:\/\/zonalimitrofe-cbnr.com\/index.php\/wp-json\/wp\/v2\/tags?post=24696"}],"curies":[{"name":"wp","href":"https:\/\/api.w.org\/{rel}","templated":true}]}}