{"id":24688,"date":"2025-09-02T18:50:34","date_gmt":"2025-09-03T00:50:34","guid":{"rendered":"https:\/\/zonalimitrofe-cbnr.com\/?p=24688"},"modified":"2025-09-02T18:50:34","modified_gmt":"2025-09-03T00:50:34","slug":"torreon-entrega-alcalde-nombramientos-a-nuevos-integrantes-del-gabinete-municipal","status":"publish","type":"post","link":"https:\/\/zonalimitrofe-cbnr.com\/index.php\/2025\/09\/02\/torreon-entrega-alcalde-nombramientos-a-nuevos-integrantes-del-gabinete-municipal\/","title":{"rendered":"#Torre\u00f3n. Entrega Alcalde nombramientos a nuevos integrantes del Gabinete Municipal"},"content":{"rendered":"\n<p><strong>Torre\u00f3n, Coahuila. A 2 de septiembre de 2025.-<\/strong> Esta ma\u00f1ana, el alcalde Rom\u00e1n Alberto Cepeda Gonz\u00e1lez entreg\u00f3 los nombramientos de los nuevos integrantes del Gabinete Municipal que el pasado viernes fueron designados por el Cabildo de Torre\u00f3n: Eduardo Olmos Castro, secretario del Ayuntamiento, Javier Lechuga Jim\u00e9nez, Tesorero Municipal, y \u00d3scar Luj\u00e1n Fern\u00e1ndez, Contralor Municipal. Adem\u00e1s, el Presidente Municipal tom\u00f3 protesta a los nuevos directores de la Administraci\u00f3n: Marcelo Vald\u00e9s Quintanilla, director general de Desarrollo Econ\u00f3mico; Guillermo Mart\u00ednez \u00c1vila, director de Turismo; Eduardo Terrazas Ramos, director general del IMPLAN; y Martha Alicia Faz, directora de Tr\u00e1nsito y Vialidad, quienes previamente recibieron su nombramiento. En su mensaje, el Alcalde destac\u00f3 la trayectoria de quienes hoy inician su tarea en la Administraci\u00f3n Municipal y mencion\u00f3 que los cambios obedecen a una decisi\u00f3n coordinada con el gobernador Manolo Jim\u00e9nez Salinas, de acuerdo al proyecto \u00fanico que hay para Torre\u00f3n y para Coahuila. \u201cHoy se cristaliza un proyecto en donde siete funcionarios de primer nivel se incorporan al Gabinete Municipal de mi Administraci\u00f3n, en donde la responsabilidad, el compromiso y la trayectoria que cada uno de ellos tiene en las labores que habr\u00e1n de desempe\u00f1ar, fueron parte fundamental para tomar la decisi\u00f3n de su nombramiento\u201d. Cepeda Gonz\u00e1lez dijo que en Torre\u00f3n hay una ruta clara, firme y decidida, y reiter\u00f3 su responsabilidad al frente de la Administraci\u00f3n Municipal. \u201cSe suman a los esfuerzos, proyectos y nuevos retos de Torre\u00f3n. Tenemos claro a donde vamos y con qui\u00e9n queremos transitar, y el d\u00eda de hoy se suman grandes perfiles en cada una de las direcciones en donde habr\u00e1n de demostrar d\u00eda a d\u00eda lo que saben, lo que conocen y el compromiso para seguir construyendo el Torre\u00f3n que todos queremos\u201d. Asimismo, el Presidente Municipal manifest\u00f3 su respaldo para quienes se integran a su Gabinete, y los invit\u00f3 a ser parte de un gran equipo que trabaja en la construcci\u00f3n de un mejor Torre\u00f3n y a regresar con trabajo la confianza de la ciudadan\u00eda.<\/p>\n\n\n\n<p>\u201cTienen todo mi compromiso, mi lealtad, mi responsabilidad que desde la trinchera que estoy encabezando este gran municipio, habremos de juntos ser un gran equipo, de ser indiscutiblemente grandes aliados y concluir con el tiempo que nos quede la Administraci\u00f3n. Torre\u00f3n confi\u00f3 en nosotros y nos toca dar resultados, porque cuando la gente conf\u00eda en uno, solo hay una cosa con que responder, y es con resultados, trabajo y compromiso\u201d.<\/p>\n\n\n\n<p>Rom\u00e1n Alberto Cepeda Gonz\u00e1lez reiter\u00f3 que en su Administraci\u00f3n los esfuerzos se dirigen a trabajar, a dar resultados y a cumplirle a Torre\u00f3n, a Coahuila y a M\u00e9xico.<\/p>\n\n\n\n<p>Estuvo tambi\u00e9n presente: Luis Jorge Cuerda Serna, primer regidor.<\/p>\n","protected":false},"excerpt":{"rendered":"<p>Torre\u00f3n, Coahuila. A 2 de septiembre de 2025.- Esta ma\u00f1ana, el alcalde Rom\u00e1n Alberto Cepeda Gonz\u00e1lez entreg\u00f3 los nombramientos de los nuevos integrantes del Gabinete Municipal que el pasado viernes fueron designados por el Cabildo de Torre\u00f3n: Eduardo Olmos Castro, secretario del Ayuntamiento, Javier Lechuga Jim\u00e9nez, Tesorero Municipal, y \u00d3scar Luj\u00e1n Fern\u00e1ndez, Contralor Municipal. Adem\u00e1s, [&hellip;]<\/p>\n","protected":false},"author":1,"featured_media":24689,"comment_status":"open","ping_status":"open","sticky":false,"template":"","format":"standard","meta":{"_monsterinsights_skip_tracking":false,"_monsterinsights_sitenote_active":false,"_monsterinsights_sitenote_note":"","_monsterinsights_sitenote_category":0,"footnotes":""},"categories":[1],"tags":[],"_links":{"self":[{"href":"https:\/\/zonalimitrofe-cbnr.com\/index.php\/wp-json\/wp\/v2\/posts\/24688"}],"collection":[{"href":"https:\/\/zonalimitrofe-cbnr.com\/index.php\/wp-json\/wp\/v2\/posts"}],"about":[{"href":"https:\/\/zonalimitrofe-cbnr.com\/index.php\/wp-json\/wp\/v2\/types\/post"}],"author":[{"embeddable":true,"href":"https:\/\/zonalimitrofe-cbnr.com\/index.php\/wp-json\/wp\/v2\/users\/1"}],"replies":[{"embeddable":true,"href":"https:\/\/zonalimitrofe-cbnr.com\/index.php\/wp-json\/wp\/v2\/comments?post=24688"}],"version-history":[{"count":1,"href":"https:\/\/zonalimitrofe-cbnr.com\/index.php\/wp-json\/wp\/v2\/posts\/24688\/revisions"}],"predecessor-version":[{"id":24690,"href":"https:\/\/zonalimitrofe-cbnr.com\/index.php\/wp-json\/wp\/v2\/posts\/24688\/revisions\/24690"}],"wp:featuredmedia":[{"embeddable":true,"href":"https:\/\/zonalimitrofe-cbnr.com\/index.php\/wp-json\/wp\/v2\/media\/24689"}],"wp:attachment":[{"href":"https:\/\/zonalimitrofe-cbnr.com\/index.php\/wp-json\/wp\/v2\/media?parent=24688"}],"wp:term":[{"taxonomy":"category","embeddable":true,"href":"https:\/\/zonalimitrofe-cbnr.com\/index.php\/wp-json\/wp\/v2\/categories?post=24688"},{"taxonomy":"post_tag","embeddable":true,"href":"https:\/\/zonalimitrofe-cbnr.com\/index.php\/wp-json\/wp\/v2\/tags?post=24688"}],"curies":[{"name":"wp","href":"https:\/\/api.w.org\/{rel}","templated":true}]}}