{"id":24682,"date":"2025-09-02T18:44:09","date_gmt":"2025-09-03T00:44:09","guid":{"rendered":"https:\/\/zonalimitrofe-cbnr.com\/?p=24682"},"modified":"2025-09-02T18:44:09","modified_gmt":"2025-09-03T00:44:09","slug":"torreon-rehabilitan-plaza-publica-del-ejido-el-peru","status":"publish","type":"post","link":"https:\/\/zonalimitrofe-cbnr.com\/index.php\/2025\/09\/02\/torreon-rehabilitan-plaza-publica-del-ejido-el-peru\/","title":{"rendered":"#Torre\u00f3n. Rehabilitan plaza p\u00fablica del ejido El Per\u00fa"},"content":{"rendered":"\n<p>Torre\u00f3n, Coahuila. A 2 de septiembre de 2025<\/p>\n\n\n\n<p>Como parte del programa \u201c100 Plazas de 0 a 100\u201d, la Administraci\u00f3n Municipal, a trav\u00e9s de la Direcci\u00f3n General de Servicios P\u00fablicos, llev\u00f3 a cabo la rehabilitaci\u00f3n de otro espacio ahora en el ejido El Per\u00fa, donde se instal\u00f3 un multijuego infantil y bancas met\u00e1licas.<\/p>\n\n\n\n<p>Fernando Villarreal Cu\u00e9llar director de la dependencia, dio a conocer que adem\u00e1s, se coloc\u00f3 un arbotante doble para mejorar la iluminaci\u00f3n del espacio p\u00fablico y pueda ser disfrutado por los vecinos incluso por la noche.<\/p>\n\n\n\n<p>Adem\u00e1s, se realiz\u00f3 una importante labor de mantenimiento en las \u00e1reas verdes con poda y limpieza general tanto en la plaza como en calles aleda\u00f1as.<\/p>\n\n\n\n<p>\u201cAhora, los habitantes del ejido El Per\u00fa cuentan con un lugar digno para un punto de encuentro seguro, c\u00f3modo y agradable, brindando a la sociedad en general un entorno m\u00e1s amigable para la convivencia familiar\u201d.<\/p>\n\n\n\n<p>Villarreal Cu\u00e9llar indic\u00f3 que adem\u00e1s actualmente se est\u00e1 trabajando en plazas de los ejidos Providencia, Ejido La Palma y Ejido el Pac\u00edfico, transformando los espacios en lugares funcionales para las familias.<\/p>\n\n\n\n<p>Asimismo, destac\u00f3 que este programa ya ha beneficiado a diversas colonias y ejidos, incluyendo Villa Florida, Loma Real, Fraccionamiento Anna y Nueva Laguna Norte, fortaleciendo el tejido social y contribuyendo a una ciudad m\u00e1s sostenible<\/p>\n\n\n\n<p>\u201cPor instrucci\u00f3n del alcalde Rom\u00e1n Alberto Cepeda Gonz\u00e1lez, el programa tiene como meta rehabilitar un centenar de plazas en la ciudad, con la instalaci\u00f3n de juegos infantiles, ejercitadores, bancas, nuevo alumbrado y el mantenimiento de \u00e1reas verdes para el beneficio de las familias\u201d.<\/p>\n\n\n\n<p>De igual forma, el director invit\u00f3 a los vecinos a mantener los espacios limpios, no vandalizar con grafitis o da\u00f1os al mobiliario, y respetar el entorno para conservarlo digno y en buenas condiciones.<\/p>\n","protected":false},"excerpt":{"rendered":"<p>Torre\u00f3n, Coahuila. A 2 de septiembre de 2025 Como parte del programa \u201c100 Plazas de 0 a 100\u201d, la Administraci\u00f3n Municipal, a trav\u00e9s de la Direcci\u00f3n General de Servicios P\u00fablicos, llev\u00f3 a cabo la rehabilitaci\u00f3n de otro espacio ahora en el ejido El Per\u00fa, donde se instal\u00f3 un multijuego infantil y bancas met\u00e1licas. Fernando Villarreal [&hellip;]<\/p>\n","protected":false},"author":1,"featured_media":24683,"comment_status":"open","ping_status":"open","sticky":false,"template":"","format":"standard","meta":{"_monsterinsights_skip_tracking":false,"_monsterinsights_sitenote_active":false,"_monsterinsights_sitenote_note":"","_monsterinsights_sitenote_category":0,"footnotes":""},"categories":[1],"tags":[],"_links":{"self":[{"href":"https:\/\/zonalimitrofe-cbnr.com\/index.php\/wp-json\/wp\/v2\/posts\/24682"}],"collection":[{"href":"https:\/\/zonalimitrofe-cbnr.com\/index.php\/wp-json\/wp\/v2\/posts"}],"about":[{"href":"https:\/\/zonalimitrofe-cbnr.com\/index.php\/wp-json\/wp\/v2\/types\/post"}],"author":[{"embeddable":true,"href":"https:\/\/zonalimitrofe-cbnr.com\/index.php\/wp-json\/wp\/v2\/users\/1"}],"replies":[{"embeddable":true,"href":"https:\/\/zonalimitrofe-cbnr.com\/index.php\/wp-json\/wp\/v2\/comments?post=24682"}],"version-history":[{"count":1,"href":"https:\/\/zonalimitrofe-cbnr.com\/index.php\/wp-json\/wp\/v2\/posts\/24682\/revisions"}],"predecessor-version":[{"id":24684,"href":"https:\/\/zonalimitrofe-cbnr.com\/index.php\/wp-json\/wp\/v2\/posts\/24682\/revisions\/24684"}],"wp:featuredmedia":[{"embeddable":true,"href":"https:\/\/zonalimitrofe-cbnr.com\/index.php\/wp-json\/wp\/v2\/media\/24683"}],"wp:attachment":[{"href":"https:\/\/zonalimitrofe-cbnr.com\/index.php\/wp-json\/wp\/v2\/media?parent=24682"}],"wp:term":[{"taxonomy":"category","embeddable":true,"href":"https:\/\/zonalimitrofe-cbnr.com\/index.php\/wp-json\/wp\/v2\/categories?post=24682"},{"taxonomy":"post_tag","embeddable":true,"href":"https:\/\/zonalimitrofe-cbnr.com\/index.php\/wp-json\/wp\/v2\/tags?post=24682"}],"curies":[{"name":"wp","href":"https:\/\/api.w.org\/{rel}","templated":true}]}}