{"id":24670,"date":"2025-09-02T18:29:21","date_gmt":"2025-09-03T00:29:21","guid":{"rendered":"https:\/\/zonalimitrofe-cbnr.com\/?p=24670"},"modified":"2025-09-02T18:29:21","modified_gmt":"2025-09-03T00:29:21","slug":"lerdo-encabeza-susy-torrecillas-mesa-de-construccion-de-la-paz-en-lerdo","status":"publish","type":"post","link":"https:\/\/zonalimitrofe-cbnr.com\/index.php\/2025\/09\/02\/lerdo-encabeza-susy-torrecillas-mesa-de-construccion-de-la-paz-en-lerdo\/","title":{"rendered":"#Lerdo. ENCABEZA SUSY TORRECILLAS MESA DE CONSTRUCCI\u00d3N DE LA PAZ EN LERDO*"},"content":{"rendered":"\n<p>Lerdo, 02 de septiembre 2025.- Este martes, la Presidenta Municipal, Susy Carolina Torrecillas Salazar, encabez\u00f3 la Mesa de Construcci\u00f3n de la Paz de La Laguna de Durango, coordinada por la Secretar\u00eda de Seguridad, la cual cont\u00f3 con la presencia del Comandante del Mando Especial de La Laguna, Edilberto Jasso Godoy, as\u00ed como de autoridades de los tres niveles de gobierno.<\/p>\n\n\n\n<p>En el encuentro, la Alcaldesa reafirm\u00f3 su compromiso con la seguridad en la regi\u00f3n, presentando a su gabinete de seguridad conformado por el Director de Seguridad P\u00fablica Municipal, Tadeo Toledo Herrera, y el secretario del Ayuntamiento, Aldo Rubio Mart\u00ednez, quienes habr\u00e1n de coordinar esfuerzos con las corporaciones participantes. Torrecillas Salazar agradeci\u00f3 al Comandante Edilberto Jasso Godoy por su labor en favor de la paz y seguridad de las familias lerdenses.<\/p>\n\n\n\n<p>Posterior a la reuni\u00f3n, la Presidenta Municipal atendi\u00f3 a medios de comunicaci\u00f3n, donde inform\u00f3 que la presentaci\u00f3n de su equipo de seguridad ante la Mesa busca fortalecer acuerdos y generar sinergia para mantener un Lerdo seguro y con ambiente familiar, propicio para la llegada de nuevas inversiones.<\/p>\n\n\n\n<p>Destac\u00f3 que el Director de Seguridad P\u00fablica trabajar\u00e1 de la mano con autoridades estatales y federales, priorizando la seguridad en todo momento. Adem\u00e1s, reiter\u00f3 su inter\u00e9s en reforzar programas de prevenci\u00f3n desde distintas \u00e1reas de su administraci\u00f3n, como el DIF Municipal, con el programa Cu\u00eddame, dirigido a ni\u00f1as y ni\u00f1os; el Instituto Municipal de la Mujer (IMM); y el Instituto Municipal de la Juventud (IMJ).<\/p>\n\n\n\n<p>Asimismo, anunci\u00f3 la implementaci\u00f3n de programas financiados con recursos del FORTAMUN, orientados a fortalecer el equipamiento de la corporaci\u00f3n y garantizar la atenci\u00f3n inmediata de emergencias ciudadanas.<\/p>\n\n\n\n<p>Finalmente, adelant\u00f3 que se preparan acciones para conformar una Polic\u00eda Ambiental, enfocada en la protecci\u00f3n del entorno natural y tur\u00edstico del municipio, como el Ca\u00f1\u00f3n de Fern\u00e1ndez, Grutas del Rosario, parajes del r\u00edo y canales de riego, con el objetivo de resguardar tanto a la ciudadan\u00eda como a los recursos naturales.<\/p>\n","protected":false},"excerpt":{"rendered":"<p>Lerdo, 02 de septiembre 2025.- Este martes, la Presidenta Municipal, Susy Carolina Torrecillas Salazar, encabez\u00f3 la Mesa de Construcci\u00f3n de la Paz de La Laguna de Durango, coordinada por la Secretar\u00eda de Seguridad, la cual cont\u00f3 con la presencia del Comandante del Mando Especial de La Laguna, Edilberto Jasso Godoy, as\u00ed como de autoridades de [&hellip;]<\/p>\n","protected":false},"author":1,"featured_media":24671,"comment_status":"open","ping_status":"open","sticky":false,"template":"","format":"standard","meta":{"_monsterinsights_skip_tracking":false,"_monsterinsights_sitenote_active":false,"_monsterinsights_sitenote_note":"","_monsterinsights_sitenote_category":0,"footnotes":""},"categories":[1],"tags":[],"_links":{"self":[{"href":"https:\/\/zonalimitrofe-cbnr.com\/index.php\/wp-json\/wp\/v2\/posts\/24670"}],"collection":[{"href":"https:\/\/zonalimitrofe-cbnr.com\/index.php\/wp-json\/wp\/v2\/posts"}],"about":[{"href":"https:\/\/zonalimitrofe-cbnr.com\/index.php\/wp-json\/wp\/v2\/types\/post"}],"author":[{"embeddable":true,"href":"https:\/\/zonalimitrofe-cbnr.com\/index.php\/wp-json\/wp\/v2\/users\/1"}],"replies":[{"embeddable":true,"href":"https:\/\/zonalimitrofe-cbnr.com\/index.php\/wp-json\/wp\/v2\/comments?post=24670"}],"version-history":[{"count":1,"href":"https:\/\/zonalimitrofe-cbnr.com\/index.php\/wp-json\/wp\/v2\/posts\/24670\/revisions"}],"predecessor-version":[{"id":24672,"href":"https:\/\/zonalimitrofe-cbnr.com\/index.php\/wp-json\/wp\/v2\/posts\/24670\/revisions\/24672"}],"wp:featuredmedia":[{"embeddable":true,"href":"https:\/\/zonalimitrofe-cbnr.com\/index.php\/wp-json\/wp\/v2\/media\/24671"}],"wp:attachment":[{"href":"https:\/\/zonalimitrofe-cbnr.com\/index.php\/wp-json\/wp\/v2\/media?parent=24670"}],"wp:term":[{"taxonomy":"category","embeddable":true,"href":"https:\/\/zonalimitrofe-cbnr.com\/index.php\/wp-json\/wp\/v2\/categories?post=24670"},{"taxonomy":"post_tag","embeddable":true,"href":"https:\/\/zonalimitrofe-cbnr.com\/index.php\/wp-json\/wp\/v2\/tags?post=24670"}],"curies":[{"name":"wp","href":"https:\/\/api.w.org\/{rel}","templated":true}]}}