{"id":24649,"date":"2025-09-01T18:33:46","date_gmt":"2025-09-02T00:33:46","guid":{"rendered":"https:\/\/zonalimitrofe-cbnr.com\/?p=24649"},"modified":"2025-09-01T18:33:46","modified_gmt":"2025-09-02T00:33:46","slug":"durango-la-presidenta-claudia-sheinbaum-visitara-durango-para-anunciar-proyectos-estrategicos-de-ganaderia","status":"publish","type":"post","link":"https:\/\/zonalimitrofe-cbnr.com\/index.php\/2025\/09\/01\/durango-la-presidenta-claudia-sheinbaum-visitara-durango-para-anunciar-proyectos-estrategicos-de-ganaderia\/","title":{"rendered":"#Durango. La Presidenta Claudia Sheinbaum visitar\u00e1 Durango para anunciar proyectos estrat\u00e9gicos de ganader\u00eda*"},"content":{"rendered":"\n<p>* _Se prev\u00e9 la visita del 6 de septiembre, donde se anunciar\u00e1n nuevos proyectos de desarrollo para Durango y estados del norte._<\/p>\n\n\n\n<p>El gobernador Esteban Villegas Villarreal inform\u00f3 que la presidenta Claudia Sheinbaum Pardo visitar\u00e1 Durango el pr\u00f3ximo 6 de septiembre, donde anunciar\u00e1 proyectos estrat\u00e9gicos en beneficio de la ganader\u00eda, en los que tambi\u00e9n participan los estados de Sonora y Coahuila. Destac\u00f3 que esta visita refleja la buena coordinaci\u00f3n entre la Federaci\u00f3n y Durango para atender sectores clave de la econom\u00eda.<\/p>\n\n\n\n<p>En este marco, Villegas adelant\u00f3 que el 8 de septiembre se dar\u00e1 el fallo de la licitaci\u00f3n de la Presa El Tunal II, una obra largamente esperada desde hace 70 a\u00f1os que garantizar\u00e1 agua potable e industrial para la capital por los pr\u00f3ximos 50 a\u00f1os, resultado de las gestiones realizadas ante el Gobierno de M\u00e9xico.<\/p>\n\n\n\n<p>El mandatario reconoci\u00f3 en la Presidenta sensibilidad, claridad de rumbo y compromiso con un plan nacional de infraestructura e inversiones en el que Durango ya est\u00e1 alineado, lo que permitir\u00e1 que la entidad viva una nueva etapa de desarrollo.<\/p>\n","protected":false},"excerpt":{"rendered":"<p>* _Se prev\u00e9 la visita del 6 de septiembre, donde se anunciar\u00e1n nuevos proyectos de desarrollo para Durango y estados del norte._ El gobernador Esteban Villegas Villarreal inform\u00f3 que la presidenta Claudia Sheinbaum Pardo visitar\u00e1 Durango el pr\u00f3ximo 6 de septiembre, donde anunciar\u00e1 proyectos estrat\u00e9gicos en beneficio de la ganader\u00eda, en los que tambi\u00e9n participan [&hellip;]<\/p>\n","protected":false},"author":1,"featured_media":24650,"comment_status":"open","ping_status":"open","sticky":false,"template":"","format":"standard","meta":{"_monsterinsights_skip_tracking":false,"_monsterinsights_sitenote_active":false,"_monsterinsights_sitenote_note":"","_monsterinsights_sitenote_category":0,"footnotes":""},"categories":[1],"tags":[],"_links":{"self":[{"href":"https:\/\/zonalimitrofe-cbnr.com\/index.php\/wp-json\/wp\/v2\/posts\/24649"}],"collection":[{"href":"https:\/\/zonalimitrofe-cbnr.com\/index.php\/wp-json\/wp\/v2\/posts"}],"about":[{"href":"https:\/\/zonalimitrofe-cbnr.com\/index.php\/wp-json\/wp\/v2\/types\/post"}],"author":[{"embeddable":true,"href":"https:\/\/zonalimitrofe-cbnr.com\/index.php\/wp-json\/wp\/v2\/users\/1"}],"replies":[{"embeddable":true,"href":"https:\/\/zonalimitrofe-cbnr.com\/index.php\/wp-json\/wp\/v2\/comments?post=24649"}],"version-history":[{"count":1,"href":"https:\/\/zonalimitrofe-cbnr.com\/index.php\/wp-json\/wp\/v2\/posts\/24649\/revisions"}],"predecessor-version":[{"id":24651,"href":"https:\/\/zonalimitrofe-cbnr.com\/index.php\/wp-json\/wp\/v2\/posts\/24649\/revisions\/24651"}],"wp:featuredmedia":[{"embeddable":true,"href":"https:\/\/zonalimitrofe-cbnr.com\/index.php\/wp-json\/wp\/v2\/media\/24650"}],"wp:attachment":[{"href":"https:\/\/zonalimitrofe-cbnr.com\/index.php\/wp-json\/wp\/v2\/media?parent=24649"}],"wp:term":[{"taxonomy":"category","embeddable":true,"href":"https:\/\/zonalimitrofe-cbnr.com\/index.php\/wp-json\/wp\/v2\/categories?post=24649"},{"taxonomy":"post_tag","embeddable":true,"href":"https:\/\/zonalimitrofe-cbnr.com\/index.php\/wp-json\/wp\/v2\/tags?post=24649"}],"curies":[{"name":"wp","href":"https:\/\/api.w.org\/{rel}","templated":true}]}}