{"id":24646,"date":"2025-09-01T18:27:41","date_gmt":"2025-09-02T00:27:41","guid":{"rendered":"https:\/\/zonalimitrofe-cbnr.com\/?p=24646"},"modified":"2025-09-01T18:27:41","modified_gmt":"2025-09-02T00:27:41","slug":"torreon-reportan-saldo-blanco-en-el-regreso-a-clases-en-torreon","status":"publish","type":"post","link":"https:\/\/zonalimitrofe-cbnr.com\/index.php\/2025\/09\/01\/torreon-reportan-saldo-blanco-en-el-regreso-a-clases-en-torreon\/","title":{"rendered":"#Torre\u00f3n. Reportan saldo blanco en el regreso a clases en Torre\u00f3n"},"content":{"rendered":"\n<p><strong>Torre\u00f3n, Coahuila. A 1 de septiembre de 2025.- <\/strong> La Direcci\u00f3n de Vialidad y Movilidad Urbana de Torre\u00f3n inform\u00f3 que el inicio de regreso a clases del ciclo escolar 2025-2026 transcurri\u00f3 con saldo blanco, y exhort\u00f3 a los conductores a continuar atendiendo a las recomendaciones para evitar accidentes de tr\u00e1nsito. Luis Alberto Morales Cort\u00e9s, director general de la dependencia, se\u00f1al\u00f3 que esta ma\u00f1ana durante la considerada \u201chora pico\u201d, se registraron tres percances viales en los cuales afortunadamente no hubo personas lesionadas y consider\u00f3 que es una cifra baja en comparaci\u00f3n con el aumento en la movilidad de hasta un 30 por ciento. No obstante, resalt\u00f3 que es importante reforzar la Seguridad Vial a fin de evitar que se presenten accidentes de tr\u00e1nsito. Dijo que el operativo vial que se mont\u00f3 para ordenar el tr\u00e1fico en las zonas escolares, cont\u00f3 con la participaci\u00f3n de 100 elementos, ubicados por ejemplo en puntos como el bulevar Revoluci\u00f3n, Nogalera y la carretera a Santa Fe. Cabe destacar que la presencia de agentes de tr\u00e1nsito continuar\u00e1 en algunos puntos de la ciudad en las horas de entrada y salida a clases. Morales Cort\u00e9s record\u00f3 a la ciudadan\u00eda conducir con precauci\u00f3n, respetar los se\u00f1alamientos viales, evitar distractores como el uso del celular que adem\u00e1s est\u00e1 prohibido al conducir, atender los l\u00edmites de velocidad permitido para la zona escolar y sobre todo salir con anticipaci\u00f3n. De igual forma, el director mencion\u00f3 que en la Administraci\u00f3n Municipal del alcalde Rom\u00e1n Alberto Cepeda Gonz\u00e1lez es prioritario la Seguridad Vial, por lo cual de manera permanente se llevan a cabo distintos programas sobre movilidad, tanto en escuelas como en otros espacios.<\/p>\n","protected":false},"excerpt":{"rendered":"<p>Torre\u00f3n, Coahuila. A 1 de septiembre de 2025.- La Direcci\u00f3n de Vialidad y Movilidad Urbana de Torre\u00f3n inform\u00f3 que el inicio de regreso a clases del ciclo escolar 2025-2026 transcurri\u00f3 con saldo blanco, y exhort\u00f3 a los conductores a continuar atendiendo a las recomendaciones para evitar accidentes de tr\u00e1nsito. Luis Alberto Morales Cort\u00e9s, director general [&hellip;]<\/p>\n","protected":false},"author":1,"featured_media":24647,"comment_status":"open","ping_status":"open","sticky":false,"template":"","format":"standard","meta":{"_monsterinsights_skip_tracking":false,"_monsterinsights_sitenote_active":false,"_monsterinsights_sitenote_note":"","_monsterinsights_sitenote_category":0,"footnotes":""},"categories":[1],"tags":[],"_links":{"self":[{"href":"https:\/\/zonalimitrofe-cbnr.com\/index.php\/wp-json\/wp\/v2\/posts\/24646"}],"collection":[{"href":"https:\/\/zonalimitrofe-cbnr.com\/index.php\/wp-json\/wp\/v2\/posts"}],"about":[{"href":"https:\/\/zonalimitrofe-cbnr.com\/index.php\/wp-json\/wp\/v2\/types\/post"}],"author":[{"embeddable":true,"href":"https:\/\/zonalimitrofe-cbnr.com\/index.php\/wp-json\/wp\/v2\/users\/1"}],"replies":[{"embeddable":true,"href":"https:\/\/zonalimitrofe-cbnr.com\/index.php\/wp-json\/wp\/v2\/comments?post=24646"}],"version-history":[{"count":1,"href":"https:\/\/zonalimitrofe-cbnr.com\/index.php\/wp-json\/wp\/v2\/posts\/24646\/revisions"}],"predecessor-version":[{"id":24648,"href":"https:\/\/zonalimitrofe-cbnr.com\/index.php\/wp-json\/wp\/v2\/posts\/24646\/revisions\/24648"}],"wp:featuredmedia":[{"embeddable":true,"href":"https:\/\/zonalimitrofe-cbnr.com\/index.php\/wp-json\/wp\/v2\/media\/24647"}],"wp:attachment":[{"href":"https:\/\/zonalimitrofe-cbnr.com\/index.php\/wp-json\/wp\/v2\/media?parent=24646"}],"wp:term":[{"taxonomy":"category","embeddable":true,"href":"https:\/\/zonalimitrofe-cbnr.com\/index.php\/wp-json\/wp\/v2\/categories?post=24646"},{"taxonomy":"post_tag","embeddable":true,"href":"https:\/\/zonalimitrofe-cbnr.com\/index.php\/wp-json\/wp\/v2\/tags?post=24646"}],"curies":[{"name":"wp","href":"https:\/\/api.w.org\/{rel}","templated":true}]}}