{"id":24640,"date":"2025-09-01T18:09:47","date_gmt":"2025-09-02T00:09:47","guid":{"rendered":"https:\/\/zonalimitrofe-cbnr.com\/?p=24640"},"modified":"2025-09-01T18:09:48","modified_gmt":"2025-09-02T00:09:48","slug":"lerdo-toma-protesta-susy-torrecillas-a-nuevos-directivos-de-lerdo","status":"publish","type":"post","link":"https:\/\/zonalimitrofe-cbnr.com\/index.php\/2025\/09\/01\/lerdo-toma-protesta-susy-torrecillas-a-nuevos-directivos-de-lerdo\/","title":{"rendered":"#Lerdo. TOMA PROTESTA SUSY TORRECILLAS A NUEVOS DIRECTIVOS DE LERDO*"},"content":{"rendered":"\n<p>Lerdo, 01 de septiembre 2025.- A mediod\u00eda, la Presidenta Municipal Susy Carolina Torrecillas Salazar tom\u00f3 protesta y present\u00f3 a los equipos que trabajar\u00e1n en las diferentes \u00e1reas de la Presidencia Municipal y los Sistemas descentralizados. As\u00ed mismo, se le hizo entrega a cada director de su material de trabajo.<\/p>\n\n\n\n<p>Fue en la explanada de la Presidencia Municipal de Lerdo, Dgo. donde la Alcaldesa Susy Torrecillas, present\u00f3 en primera instancia a los funcionarios que integrar\u00e1n la Secretar\u00eda del Ayuntamiento, misma que estar\u00e1 a cargo del Lic. Aldo Rubio, y contar\u00e1 con el acompa\u00f1amiento del Lic. Ram\u00f3n Acosta como Subsecretario del Ayuntamiento.<\/p>\n\n\n\n<p>Luego tom\u00f3 protesta a su equipo del Despacho Presidencial, donde Margarita Guerra Garc\u00eda ser\u00e1 Jefa de oficina. As\u00ed mismo, present\u00f3 a los directivos e integrantes de las dem\u00e1s direcciones e institutos municipales: en Tesorer\u00eda Municipal, el C.P. Juan Moreno Valero liderar\u00e1 su equipo de trabajo; el Lic. Jos\u00e9 Alonzo Villalobos de la Cruz, como Contador Municipal; Lic. Francisco Mu\u00f1oz D\u00edaz como Juez C\u00edvico; Lic. Eduardo Lara Urby es el nuevo encargado del \u00e1rea Jur\u00eddica; Profr. Rom\u00e1n Herrera D\u00edaz como director del Instituto de Planeaci\u00f3n Municipal; Ing. Jorge Silva como director de Servicios P\u00fablicos; el Lic. Juan Jos\u00e9 Carrillo Aldaba como Secretario T\u00e9cnico y coordinador del gabinete de Lerdo; Lic. Tadeo Toledo como Director de Seguridad P\u00fablica; y Erika como directora del proyecto Polic\u00eda Ambiental.<\/p>\n\n\n\n<p>La Presidenta Municipal, Susy Torrecillas comparti\u00f3 que para mejorar el di\u00e1logo y eficientar los servicios dirigidos a la ciudadan\u00eda, &#8220;cada direcci\u00f3n del Ayuntamiento va a tener una supervisi\u00f3n interna y as\u00ed ejercer un buen y eficaz trabajo&#8221;.<\/p>\n\n\n\n<p>As\u00ed mismo, el Lic. Francisco de Hoyos se reintegra de nueva cuenta como director de Tr\u00e1nsito y Vialidad; el Ing. Antonio S\u00e1nchez ser\u00e1 el nuevo director del Sistema de Agua Potable y Alcantarillado de Lerdo (SAPAL); C.P. Rita Loza como directora del Sistema para el Desarrollo Integral de la Familia (DIF) Municipal; Lic. Sinhue Ortiz como coordinador de Protecci\u00f3n Civil; Lic. Daniel Salazar como director de Obras P\u00fablicas; el Lic. Dagoberto Hern\u00e1ndez como director de Comunicaci\u00f3n Social; Alejandra Escobedo como directora de directora de Desarrollo Social.<\/p>\n\n\n\n<p>Dr. Roberto Favela como director de Salud Municipal; Ing. Omar Valenzuela como jefe del departamento de Prevenci\u00f3n Social; Ing. Manuel Escare\u00f1o como titular de Desarrollo Rural; la Mtra. Alejandra Rodr\u00edguez se har\u00e1 cargo de la Direcci\u00f3n de Educaci\u00f3n; Gertrudis D\u00edaz-Couder como coordinadora de las Bibliotecas P\u00fablicas Municipales; Lic. Diana Ponce como directora de Medio Ambiente; Mtro. Gerardo Pantoja como director de Desarrollo Econ\u00f3mico; Lic. H\u00e9ctor Escamilla como director de Arte y Cultura; Mtro. Miguel Chairez dirigir\u00e1 Museograf\u00eda; Mtro. Ram\u00f3n Aguilera como director del Instituto del Deporte; Jes\u00fas Balderas Antuna en la direcci\u00f3n de Eventos Especiales; Lic. Maril\u00fa Gonz\u00e1lez en la direcci\u00f3n de Relaciones P\u00fablicas; Mar\u00eda Jos\u00e9 Lazo como directora de Turismo; C.P. Josu\u00e9 Gonz\u00e1lez en la direcci\u00f3n de Catastro; Lic. Ricardo D\u00edaz, Desarrollo Urbano; David Cano como director del Instituto de Vivienda.<\/p>\n\n\n\n<p>Del Instituto de la Mujer se har\u00e1 cargo la Lic. Clara Mayra Garc\u00eda; del Instituto de Discapacidad, Lic. Karimme Caldera Cer\u00f3n; Instituto de Atenci\u00f3n a la Juventud, Jacqueline Pinto; Instituto del Adulto Mayor, Norma Lozano; Direcci\u00f3n de Atenci\u00f3n Ciudadana, Lily Sol\u00eds; direcci\u00f3n de Alcoholes, Eduardo \u00c1vila.<br><\/p>\n\n\n\n<p>Enviado desde mi iPhone<\/p>\n","protected":false},"excerpt":{"rendered":"<p>Lerdo, 01 de septiembre 2025.- A mediod\u00eda, la Presidenta Municipal Susy Carolina Torrecillas Salazar tom\u00f3 protesta y present\u00f3 a los equipos que trabajar\u00e1n en las diferentes \u00e1reas de la Presidencia Municipal y los Sistemas descentralizados. As\u00ed mismo, se le hizo entrega a cada director de su material de trabajo. Fue en la explanada de la [&hellip;]<\/p>\n","protected":false},"author":1,"featured_media":24641,"comment_status":"open","ping_status":"open","sticky":false,"template":"","format":"standard","meta":{"_monsterinsights_skip_tracking":false,"_monsterinsights_sitenote_active":false,"_monsterinsights_sitenote_note":"","_monsterinsights_sitenote_category":0,"footnotes":""},"categories":[1],"tags":[],"_links":{"self":[{"href":"https:\/\/zonalimitrofe-cbnr.com\/index.php\/wp-json\/wp\/v2\/posts\/24640"}],"collection":[{"href":"https:\/\/zonalimitrofe-cbnr.com\/index.php\/wp-json\/wp\/v2\/posts"}],"about":[{"href":"https:\/\/zonalimitrofe-cbnr.com\/index.php\/wp-json\/wp\/v2\/types\/post"}],"author":[{"embeddable":true,"href":"https:\/\/zonalimitrofe-cbnr.com\/index.php\/wp-json\/wp\/v2\/users\/1"}],"replies":[{"embeddable":true,"href":"https:\/\/zonalimitrofe-cbnr.com\/index.php\/wp-json\/wp\/v2\/comments?post=24640"}],"version-history":[{"count":1,"href":"https:\/\/zonalimitrofe-cbnr.com\/index.php\/wp-json\/wp\/v2\/posts\/24640\/revisions"}],"predecessor-version":[{"id":24642,"href":"https:\/\/zonalimitrofe-cbnr.com\/index.php\/wp-json\/wp\/v2\/posts\/24640\/revisions\/24642"}],"wp:featuredmedia":[{"embeddable":true,"href":"https:\/\/zonalimitrofe-cbnr.com\/index.php\/wp-json\/wp\/v2\/media\/24641"}],"wp:attachment":[{"href":"https:\/\/zonalimitrofe-cbnr.com\/index.php\/wp-json\/wp\/v2\/media?parent=24640"}],"wp:term":[{"taxonomy":"category","embeddable":true,"href":"https:\/\/zonalimitrofe-cbnr.com\/index.php\/wp-json\/wp\/v2\/categories?post=24640"},{"taxonomy":"post_tag","embeddable":true,"href":"https:\/\/zonalimitrofe-cbnr.com\/index.php\/wp-json\/wp\/v2\/tags?post=24640"}],"curies":[{"name":"wp","href":"https:\/\/api.w.org\/{rel}","templated":true}]}}