{"id":24637,"date":"2025-09-01T18:03:14","date_gmt":"2025-09-02T00:03:14","guid":{"rendered":"https:\/\/zonalimitrofe-cbnr.com\/?p=24637"},"modified":"2025-09-01T18:03:15","modified_gmt":"2025-09-02T00:03:15","slug":"el-gobernador-esteban-villegas-reconoce-el-trabajo-de-la-presidenta-claudia-sheinbaum-y-destaca-coordinacion-historica-para-durango","status":"publish","type":"post","link":"https:\/\/zonalimitrofe-cbnr.com\/index.php\/2025\/09\/01\/el-gobernador-esteban-villegas-reconoce-el-trabajo-de-la-presidenta-claudia-sheinbaum-y-destaca-coordinacion-historica-para-durango\/","title":{"rendered":"El Gobernador Esteban Villegas reconoce el trabajo de la Presidenta Claudia Sheinbaum y destaca coordinaci\u00f3n hist\u00f3rica para Durango*"},"content":{"rendered":"\n<p>* _Se\u00f1ala que la Presidenta podr\u00eda visitar Durango el 6 de septiembre con anuncios para la ganader\u00eda._<\/p>\n\n\n\n<p>* _El 8 de septiembre se dar\u00e1 el fallo de la Presa El Tunal II, obra que asegurar\u00e1 agua para los pr\u00f3ximos 50 a\u00f1os._<\/p>\n\n\n\n<p>El gobernador Esteban Villegas Villarreal destac\u00f3 que el primer a\u00f1o de gobierno de la Presidenta Claudia Sheinbaum Pardo marca un rumbo claro para M\u00e9xico, con sensibilidad y compromiso que se reflejan en hechos concretos. Subray\u00f3 que su Primer Informe demuestra la capacidad de construir un pa\u00eds con visi\u00f3n de largo plazo y asegur\u00f3 que Durango avanza de la mano de esta coordinaci\u00f3n, con proyectos hist\u00f3ricos que dar\u00e1n un antes y un despu\u00e9s al desarrollo de la entidad.<\/p>\n\n\n\n<p>Villegas Villarreal anunci\u00f3 que la Presidenta podr\u00eda visitar la entidad el pr\u00f3ximo 6 de septiembre, con el objetivo de dar a conocer un proyecto estrat\u00e9gico para la ganader\u00eda en el que participa Durango y estados del norte del pa\u00eds. Adem\u00e1s, inform\u00f3 que el d\u00eda 8 se emitir\u00e1 el fallo de la licitaci\u00f3n para la construcci\u00f3n de la Presa El Tunal II, una obra largamente anhelada desde hace 70 a\u00f1os y que garantizar\u00e1 agua potable e industrial para Durango capital durante los pr\u00f3ximos 50 a\u00f1os, gracias a las gestiones realizadas ante el Gobierno de M\u00e9xico.<\/p>\n\n\n\n<p>El mandatario estatal destac\u00f3 que la relaci\u00f3n con la Presidenta ha sido \u201cmejor de lo que nosotros mismos hubi\u00e9ramos pensado\u201d, al reconocer en la Presidenta la sensibilidad, claridad de rumbo y un plan nacional en materia carretera, ferroviaria, industrial y de inversiones en el que Durango ya est\u00e1 alineado.<\/p>\n\n\n\n<p>En materia de salud, el gobernador Esteban subray\u00f3 que Durango busca ser modelo en la transici\u00f3n al IMSS-Bienestar, con un proceso ordenado y gradual. Explic\u00f3 que se trabaja por etapas, iniciando con el Hospital General 450, que ser\u00e1 entregado totalmente equipado y con especialistas antes de su transferencia, garantizando as\u00ed beneficios reales para pacientes y personal m\u00e9dico.<\/p>\n\n\n\n<p>Finalmente, asegur\u00f3 que Durango vive un momento de oportunidades con la llegada de nuevas inversiones y la consolidaci\u00f3n de proyectos que marcar\u00e1n un antes y un despu\u00e9s en el desarrollo econ\u00f3mico y social de la entidad.<\/p>\n","protected":false},"excerpt":{"rendered":"<p>* _Se\u00f1ala que la Presidenta podr\u00eda visitar Durango el 6 de septiembre con anuncios para la ganader\u00eda._ * _El 8 de septiembre se dar\u00e1 el fallo de la Presa El Tunal II, obra que asegurar\u00e1 agua para los pr\u00f3ximos 50 a\u00f1os._ El gobernador Esteban Villegas Villarreal destac\u00f3 que el primer a\u00f1o de gobierno de la [&hellip;]<\/p>\n","protected":false},"author":1,"featured_media":24638,"comment_status":"open","ping_status":"open","sticky":false,"template":"","format":"standard","meta":{"_monsterinsights_skip_tracking":false,"_monsterinsights_sitenote_active":false,"_monsterinsights_sitenote_note":"","_monsterinsights_sitenote_category":0,"footnotes":""},"categories":[1],"tags":[],"_links":{"self":[{"href":"https:\/\/zonalimitrofe-cbnr.com\/index.php\/wp-json\/wp\/v2\/posts\/24637"}],"collection":[{"href":"https:\/\/zonalimitrofe-cbnr.com\/index.php\/wp-json\/wp\/v2\/posts"}],"about":[{"href":"https:\/\/zonalimitrofe-cbnr.com\/index.php\/wp-json\/wp\/v2\/types\/post"}],"author":[{"embeddable":true,"href":"https:\/\/zonalimitrofe-cbnr.com\/index.php\/wp-json\/wp\/v2\/users\/1"}],"replies":[{"embeddable":true,"href":"https:\/\/zonalimitrofe-cbnr.com\/index.php\/wp-json\/wp\/v2\/comments?post=24637"}],"version-history":[{"count":1,"href":"https:\/\/zonalimitrofe-cbnr.com\/index.php\/wp-json\/wp\/v2\/posts\/24637\/revisions"}],"predecessor-version":[{"id":24639,"href":"https:\/\/zonalimitrofe-cbnr.com\/index.php\/wp-json\/wp\/v2\/posts\/24637\/revisions\/24639"}],"wp:featuredmedia":[{"embeddable":true,"href":"https:\/\/zonalimitrofe-cbnr.com\/index.php\/wp-json\/wp\/v2\/media\/24638"}],"wp:attachment":[{"href":"https:\/\/zonalimitrofe-cbnr.com\/index.php\/wp-json\/wp\/v2\/media?parent=24637"}],"wp:term":[{"taxonomy":"category","embeddable":true,"href":"https:\/\/zonalimitrofe-cbnr.com\/index.php\/wp-json\/wp\/v2\/categories?post=24637"},{"taxonomy":"post_tag","embeddable":true,"href":"https:\/\/zonalimitrofe-cbnr.com\/index.php\/wp-json\/wp\/v2\/tags?post=24637"}],"curies":[{"name":"wp","href":"https:\/\/api.w.org\/{rel}","templated":true}]}}