{"id":24631,"date":"2025-09-01T17:55:44","date_gmt":"2025-09-01T23:55:44","guid":{"rendered":"https:\/\/zonalimitrofe-cbnr.com\/?p=24631"},"modified":"2025-09-01T17:55:44","modified_gmt":"2025-09-01T23:55:44","slug":"torreon-roman-alberto-cepeda-gonzalez-arranca-el-ciclo-escolar-2025-2026-con-la-entrega-de-utiles-escolares-y-mochilas","status":"publish","type":"post","link":"https:\/\/zonalimitrofe-cbnr.com\/index.php\/2025\/09\/01\/torreon-roman-alberto-cepeda-gonzalez-arranca-el-ciclo-escolar-2025-2026-con-la-entrega-de-utiles-escolares-y-mochilas\/","title":{"rendered":"#Torre\u00f3n. Rom\u00e1n Alberto Cepeda Gonz\u00e1lez arranca el ciclo escolar 2025-2026, con la entrega de \u00fatiles escolares y mochilas"},"content":{"rendered":"\n<p>Torre\u00f3n, Coahuila. A 1 de septiembre de 2025<\/p>\n\n\n\n<p>El alcalde Rom\u00e1n Alberto Cepeda Gonz\u00e1lez y Gabriel Elizondo P\u00e9rez, coordinador general de Mejora Coahuila, en representaci\u00f3n del gobernador Manolo Jim\u00e9nez Salinas, arrancaron esta ma\u00f1ana en Torre\u00f3n el ciclo escolar 2025-2026, con la entrega simb\u00f3lica de \u00fatiles escolares y mochilas a los alumnos de la escuela Primaria Diego Rivera.<\/p>\n\n\n\n<p>Adem\u00e1s, dio inicio el programa de vacunaci\u00f3n en las primarias del Estado.<\/p>\n\n\n\n<p>En su mensaje, el Presidente Municipal destac\u00f3 el esfuerzo y compromiso conjunto con el Gobernador con la educaci\u00f3n, y reconoci\u00f3 tambi\u00e9n a los docentes, padres de familia y alumnos que hoy inician el ciclo escolar.<\/p>\n\n\n\n<p>Dijo que en Torre\u00f3n 150 mil alumnos cursan el nivel de educaci\u00f3n b\u00e1sica, y 12 mil docentes laboran en las distintas escuelas de la Laguna de Coahuila.<\/p>\n\n\n\n<p>\u201cEl Gobernador ha hecho un gran esfuerzo con el tema de \u00fatiles escolares, de uniformes y de las 60 mil mochilas que vamos a entregar de manera coordinada y conjunta. Esto es una muestra del compromiso que se tiene con el sector educativo, que, si bien el primer eje de Gobierno es Seguridad, la educaci\u00f3n es el presente y el futuro de Torre\u00f3n y de Coahuila\u201d, mencion\u00f3.<\/p>\n\n\n\n<p>El Alcalde manifest\u00f3 que hace 118 a\u00f1os Torre\u00f3n naci\u00f3 con valores como la uni\u00f3n, la fe y la esperanza, por lo que impuls\u00f3 a los alumnos a esforzarse por cristalizar sus sue\u00f1os y que puedan construir el d\u00eda de ma\u00f1ana un mejor Torre\u00f3n.<\/p>\n\n\n\n<p>Asimismo, mencion\u00f3 que el Gobernador est\u00e1 poniendo la muestra de c\u00f3mo se mantiene un Estado seguro, pues no en todas las entidades federativas se puede ir a clases como hoy pasa en Coahuila y en todas las escuelas de Torre\u00f3n.<\/p>\n\n\n\n<p>\u201cTengan la seguridad que hoy en esa gran coordinaci\u00f3n entre Manolo Jim\u00e9nez, su amigo Rom\u00e1n y todo este gran equipo que nos acompa\u00f1a, seguiremos generando la certeza para que todos estos ni\u00f1os puedan seguir trabajando y construyendo el futuro de Torre\u00f3n, de Coahuila y de M\u00e9xico. Esa es la gran apuesta, la educaci\u00f3n y la formaci\u00f3n\u201d, se\u00f1al\u00f3 el edil.<\/p>\n\n\n\n<p>El coordinador de Mejora en Coahuila, Gabriel Elizondo P\u00e9rez, dese\u00f3 a nombre del Gobernador \u00e9xito a los alumnos que hoy regresan a clases y precis\u00f3 que de manera simult\u00e1nea en los 38 municipios, arranca hoy la entrega de m\u00e1s de 500 mil paquetes de \u00fatiles escolares.<\/p>\n\n\n\n<p>El prop\u00f3sito dijo, es mejorar la calidad de vida y generar un ahorro importante para las familias. \u201cHoy se entrega para nuestra gente de Coahuila m\u00e1s de 530 mil paquetes \u00fatiles escolares para las ni\u00f1as y ni\u00f1os de k\u00ednder, primaria y secundaria, pero tambi\u00e9n aqu\u00ed para Torre\u00f3n se entregan m\u00e1s de 60 mil mochilas que se hacen en equipo con nuestro alcalde Rom\u00e1n Alberto, a quien le agradecemos que vea por la juventud de aqu\u00ed de Torre\u00f3n\u201d, destac\u00f3.<\/p>\n\n\n\n<p>Asimismo, el coordinador estatal reconoci\u00f3 la labor de los docentes y exhort\u00f3 a los alumnos a dar su mayor esfuerzo en sus estudios.<\/p>\n\n\n\n<p>Por su parte, Norma Ang\u00e9lica Palacios Pineda, directora de la Primaria Diego Rivera, reconoci\u00f3 el compromiso de las autoridades municipal y estatal con la con la educaci\u00f3n de los ni\u00f1os, ni\u00f1as y adolescentes.<\/p>\n\n\n\n<p>El alumno Benjam\u00edn Jim\u00e9nez Flores, quien es parte del Cabildo infantil de Torre\u00f3n, expres\u00f3 a nombre de sus compa\u00f1eros su agradecimiento al Gobernador y al Alcalde.<\/p>\n\n\n\n<p>\u201cAgradecemos profundamente el esfuerzo que a\u00f1o con a\u00f1o realiza el se\u00f1or gobernador Manolo Jim\u00e9nez Salinas para que contemos con las herramientas necesarias como \u00fatiles, uniformes, calzado escolar, libros de texto y en esta ocasi\u00f3n de la mano del alcalde Rom\u00e1n Alberto Cepeda Gonz\u00e1lez tambi\u00e9n nuestras mochilas, todo ello representa un gran apoyo a la a la econom\u00eda de nuestras familias y un impulso a nuestro camino acad\u00e9mico\u201d.<\/p>\n\n\n\n<p>Estuvieron tambi\u00e9n presentes: Eduardo Olmos Castro, secretario del Ayuntamiento; Flor Estela Renter\u00eda Medina, coordinadora de Servicios Educativos Regi\u00f3n Laguna; Hugo D\u00e1vila Prado, coordinador de Mejora Coahuila en Torre\u00f3n; Luis Jorge Cuerda Serna, primer regidor; Ariel Mart\u00ednez Mendoza, Jefe de Gabinete; Diego Ontiveros Renter\u00eda, regidor y presidente de la comisi\u00f3n de Educaci\u00f3n, arte, cultura y deporte; Daniela Carlos Ordaz, coordinadora de preescolar Federal en la Regi\u00f3n Laguna; Laura X\u00f3chitl G\u00f3mez Santoyo, Subdirectora de Primarias Federales en la Regi\u00f3n Laguna; Cinthia Lizeth Ram\u00edrez Herrera, Jefa de Sector; Napole\u00f3n Murillo Favela, coordinador de sector de Mejora Coahuila; Jos\u00e9 In\u00e9s S\u00e1nchez Aguilar, coordinador operativo Mejora Coahuila en Torre\u00f3n; Norma Angelica Palacios Pineda, directora de la Escuela Primaria Diego Rivera; Avelina Licerio, supervisora escolar de zona; y Salvador Chavarr\u00eda V\u00e1zquez, Jefe de la Jurisdicci\u00f3n Sanitaria VI.<\/p>\n","protected":false},"excerpt":{"rendered":"<p>Torre\u00f3n, Coahuila. A 1 de septiembre de 2025 El alcalde Rom\u00e1n Alberto Cepeda Gonz\u00e1lez y Gabriel Elizondo P\u00e9rez, coordinador general de Mejora Coahuila, en representaci\u00f3n del gobernador Manolo Jim\u00e9nez Salinas, arrancaron esta ma\u00f1ana en Torre\u00f3n el ciclo escolar 2025-2026, con la entrega simb\u00f3lica de \u00fatiles escolares y mochilas a los alumnos de la escuela Primaria [&hellip;]<\/p>\n","protected":false},"author":1,"featured_media":24632,"comment_status":"open","ping_status":"open","sticky":false,"template":"","format":"standard","meta":{"_monsterinsights_skip_tracking":false,"_monsterinsights_sitenote_active":false,"_monsterinsights_sitenote_note":"","_monsterinsights_sitenote_category":0,"footnotes":""},"categories":[1],"tags":[],"_links":{"self":[{"href":"https:\/\/zonalimitrofe-cbnr.com\/index.php\/wp-json\/wp\/v2\/posts\/24631"}],"collection":[{"href":"https:\/\/zonalimitrofe-cbnr.com\/index.php\/wp-json\/wp\/v2\/posts"}],"about":[{"href":"https:\/\/zonalimitrofe-cbnr.com\/index.php\/wp-json\/wp\/v2\/types\/post"}],"author":[{"embeddable":true,"href":"https:\/\/zonalimitrofe-cbnr.com\/index.php\/wp-json\/wp\/v2\/users\/1"}],"replies":[{"embeddable":true,"href":"https:\/\/zonalimitrofe-cbnr.com\/index.php\/wp-json\/wp\/v2\/comments?post=24631"}],"version-history":[{"count":1,"href":"https:\/\/zonalimitrofe-cbnr.com\/index.php\/wp-json\/wp\/v2\/posts\/24631\/revisions"}],"predecessor-version":[{"id":24633,"href":"https:\/\/zonalimitrofe-cbnr.com\/index.php\/wp-json\/wp\/v2\/posts\/24631\/revisions\/24633"}],"wp:featuredmedia":[{"embeddable":true,"href":"https:\/\/zonalimitrofe-cbnr.com\/index.php\/wp-json\/wp\/v2\/media\/24632"}],"wp:attachment":[{"href":"https:\/\/zonalimitrofe-cbnr.com\/index.php\/wp-json\/wp\/v2\/media?parent=24631"}],"wp:term":[{"taxonomy":"category","embeddable":true,"href":"https:\/\/zonalimitrofe-cbnr.com\/index.php\/wp-json\/wp\/v2\/categories?post=24631"},{"taxonomy":"post_tag","embeddable":true,"href":"https:\/\/zonalimitrofe-cbnr.com\/index.php\/wp-json\/wp\/v2\/tags?post=24631"}],"curies":[{"name":"wp","href":"https:\/\/api.w.org\/{rel}","templated":true}]}}