{"id":24624,"date":"2025-09-01T17:48:15","date_gmt":"2025-09-01T23:48:15","guid":{"rendered":"https:\/\/zonalimitrofe-cbnr.com\/?p=24624"},"modified":"2025-09-01T17:50:00","modified_gmt":"2025-09-01T23:50:00","slug":"congresocoahuila-reconocen-a-la-universidad-tecnologica-de-parras-de-la-fuente","status":"publish","type":"post","link":"https:\/\/zonalimitrofe-cbnr.com\/index.php\/2025\/09\/01\/congresocoahuila-reconocen-a-la-universidad-tecnologica-de-parras-de-la-fuente\/","title":{"rendered":"#CongresoCoahuila. Reconocen  a la\u00a0Universidad Tecnol\u00f3gica de Parras de la Fuente"},"content":{"rendered":"\n<p><strong>Saltillo, Coahuila, 01 septiembre de 2025.- En<\/strong> sesi\u00f3n del Congreso del Estado\u00a0las diputadas y diputados realizaron un reconocimiento con motivo del \u201cD\u00e9cimo Aniversario de la Universidad Tecnol\u00f3gica de Parras de la Fuente\u201d, asimismo en presencia del rector, personal docente y alumnado, se hizo entrega de una placa conmemorativa, destacando la trayectoria de esta instituci\u00f3n\u00a0que ha formado ingenieros, licenciados y t\u00e9cnicos superiores universitarios que hoy contribuyen activamente al desarrollo productivo de Parras, de Coahuila y de M\u00e9xico. La diputada Edna D\u00e1valos Elizondo dio lectura al pronunciamiento a nombre de las y los diputados, \u201cEl Congreso del Estado celebra con ustedes el X Aniversario de la Universidad Tecnol\u00f3gica de Parras de la Fuente, cuyo decreto con este nombre oficial data de hace 10 a\u00f1os, aunque su antig\u00fcedad como unidad acad\u00e9mica se establece desde el a\u00f1o 2000, tiempo que le ha llevado a consolidarse como un motor educativo de transformaci\u00f3n social, econ\u00f3mica y cultural para nuestro estado\u201d Un \u00e9xito sin precedentes de la UTP ha sido el convertirse en la primera instituci\u00f3n del pa\u00eds en ofrecer la carrera de agricultura sustentable con especialidad en vitivinicultura. As\u00ed, en sus instalaciones se cuenta con un vi\u00f1edo experimental, mismo que adem\u00e1s de elaborar vino propio, brinda servicios de vinificaci\u00f3n a productores locales, contribuyendo al crecimiento de la econom\u00eda regional y al fortalecimiento de una tradici\u00f3n que es orgullo coahuilense. En este camino, es de reconocerse el respaldo del gobernador Manolo Jim\u00e9nez Salinas, quien ha demostrado un firme compromiso con la educaci\u00f3n en todos sus niveles. \u201cLas diputadas y diputados, refrendamos el reconocimiento a nuestras instituciones educativas, maestras, maestros, y a nuestros j\u00f3venes. Tengan la certeza de que continuaremos impulsando iniciativas y acciones que fortalezcan la educaci\u00f3n como el m\u00e1s importante pilar del desarrollo coahuilense. Muchas felicidades a la Universidad Tecnol\u00f3gica de Parras de la Fuente por estos primeros diez a\u00f1os de historia, logros y esperanza\u201d expres\u00f3 la diputada al dar lectura al pronunciamiento, posteriormente se hizo entrega de una placa conmemorativa a este aniversario.<\/p>\n","protected":false},"excerpt":{"rendered":"<p>Saltillo, Coahuila, 01 septiembre de 2025.- En sesi\u00f3n del Congreso del Estado\u00a0las diputadas y diputados realizaron un reconocimiento con motivo del \u201cD\u00e9cimo Aniversario de la Universidad Tecnol\u00f3gica de Parras de la Fuente\u201d, asimismo en presencia del rector, personal docente y alumnado, se hizo entrega de una placa conmemorativa, destacando la trayectoria de esta instituci\u00f3n\u00a0que ha [&hellip;]<\/p>\n","protected":false},"author":1,"featured_media":24627,"comment_status":"open","ping_status":"open","sticky":false,"template":"","format":"standard","meta":{"_monsterinsights_skip_tracking":false,"_monsterinsights_sitenote_active":false,"_monsterinsights_sitenote_note":"","_monsterinsights_sitenote_category":0,"footnotes":""},"categories":[1],"tags":[],"_links":{"self":[{"href":"https:\/\/zonalimitrofe-cbnr.com\/index.php\/wp-json\/wp\/v2\/posts\/24624"}],"collection":[{"href":"https:\/\/zonalimitrofe-cbnr.com\/index.php\/wp-json\/wp\/v2\/posts"}],"about":[{"href":"https:\/\/zonalimitrofe-cbnr.com\/index.php\/wp-json\/wp\/v2\/types\/post"}],"author":[{"embeddable":true,"href":"https:\/\/zonalimitrofe-cbnr.com\/index.php\/wp-json\/wp\/v2\/users\/1"}],"replies":[{"embeddable":true,"href":"https:\/\/zonalimitrofe-cbnr.com\/index.php\/wp-json\/wp\/v2\/comments?post=24624"}],"version-history":[{"count":1,"href":"https:\/\/zonalimitrofe-cbnr.com\/index.php\/wp-json\/wp\/v2\/posts\/24624\/revisions"}],"predecessor-version":[{"id":24626,"href":"https:\/\/zonalimitrofe-cbnr.com\/index.php\/wp-json\/wp\/v2\/posts\/24624\/revisions\/24626"}],"wp:featuredmedia":[{"embeddable":true,"href":"https:\/\/zonalimitrofe-cbnr.com\/index.php\/wp-json\/wp\/v2\/media\/24627"}],"wp:attachment":[{"href":"https:\/\/zonalimitrofe-cbnr.com\/index.php\/wp-json\/wp\/v2\/media?parent=24624"}],"wp:term":[{"taxonomy":"category","embeddable":true,"href":"https:\/\/zonalimitrofe-cbnr.com\/index.php\/wp-json\/wp\/v2\/categories?post=24624"},{"taxonomy":"post_tag","embeddable":true,"href":"https:\/\/zonalimitrofe-cbnr.com\/index.php\/wp-json\/wp\/v2\/tags?post=24624"}],"curies":[{"name":"wp","href":"https:\/\/api.w.org\/{rel}","templated":true}]}}