{"id":24610,"date":"2025-08-31T13:19:15","date_gmt":"2025-08-31T19:19:15","guid":{"rendered":"https:\/\/zonalimitrofe-cbnr.com\/?p=24610"},"modified":"2025-08-31T13:19:15","modified_gmt":"2025-08-31T19:19:15","slug":"torreon-con-zona-taxi-promueven-programa-de-movilidad-segura-en-la-feria-de-torreon","status":"publish","type":"post","link":"https:\/\/zonalimitrofe-cbnr.com\/index.php\/2025\/08\/31\/torreon-con-zona-taxi-promueven-programa-de-movilidad-segura-en-la-feria-de-torreon\/","title":{"rendered":"#Torre\u00f3n. Con Zona Taxi, promueven programa de movilidad segura en la Feria de Torre\u00f3n"},"content":{"rendered":"\n<p>Torre\u00f3n, Coahuila. A 31 de agosto de 2025<\/p>\n\n\n\n<p>Con el objetivo de ofrecer a la ciudadan\u00eda un servicio de traslado confiable y ordenado, la Direcci\u00f3n de Transporte P\u00fablico Municipal pondr\u00e1 en marcha el programa \u201cZona Taxi\u201d de abordaje seguro durante la pr\u00f3xima edici\u00f3n de la Feria de Torre\u00f3n, la cual dar\u00e1 inicio el pr\u00f3ximo 05 de septiembre.<\/p>\n\n\n\n<p>C\u00e9sar Alvarado Mendoza, director de la dependencia, dio a conocer que aunque cada a\u00f1o se emiten permisos especiales para que los taxistas puedan ingresar a laborar en el recinto de la Feria, se busca reforzar la seguridad y la organizaci\u00f3n mediante la implementaci\u00f3n de esta estrategia.<\/p>\n\n\n\n<p>\u201cLos permisos emitidos por la direcci\u00f3n son los mismos que se otorgan cada a\u00f1o, sin embargo, en esta edici\u00f3n la diferencia ser\u00e1 la implementaci\u00f3n del programa Zona Taxi, con el cual se brindar\u00e1 mayor seguridad a los asistentes.<\/p>\n\n\n\n<p>En este sentido, indic\u00f3 que los operadores deber\u00e1n ser identificados con chaleco reflejante para garantizar que el servicio sea prestado por personal acreditado.<\/p>\n\n\n\n<p>Adem\u00e1s, la \u201cZona Taxi\u201d contar\u00e1 con espacios espec\u00edficos para la concentraci\u00f3n de unidades, los cuales estar\u00e1n se\u00f1alizados con conos de seguridad y lonas que portar\u00e1n la leyenda con el nombre del programa, a fin de que los usuarios identifiquen el punto de ascenso y descenso.<\/p>\n\n\n\n<p>El funcionario destac\u00f3 que este esquema ya ha sido aplicado desde inicios del presente a\u00f1o en espacios de la zona Centro, principalmente donde se concentran establecimientos nocturnos, logrando buenos resultados en materia de seguridad y orden vial.<\/p>\n\n\n\n<p>Alvarado Mendoza invit\u00f3 a los interesados en adquirir el permiso para ingresar a la zona asignada de taxis en la Feria, a acudir a la Direcci\u00f3n de Transporte P\u00fablico, ubicada en el segundo piso del edificio municipal del bulevar Revoluci\u00f3n y calzada Col\u00f3n.<\/p>\n\n\n\n<p>Para mayor informaci\u00f3n, tambi\u00e9n pueden comunicarse al tel\u00e9fono 871 751 754.<\/p>\n\n\n\n<p>El director dijo que estas acciones forman parte de los objetivos de la Administraci\u00f3n Municipal encabezada por el alcalde Rom\u00e1n Alberto Cepeda Gonz\u00e1lez, que buscan crear programas en beneficio de la seguridad ciudadana.<\/p>\n","protected":false},"excerpt":{"rendered":"<p>Torre\u00f3n, Coahuila. A 31 de agosto de 2025 Con el objetivo de ofrecer a la ciudadan\u00eda un servicio de traslado confiable y ordenado, la Direcci\u00f3n de Transporte P\u00fablico Municipal pondr\u00e1 en marcha el programa \u201cZona Taxi\u201d de abordaje seguro durante la pr\u00f3xima edici\u00f3n de la Feria de Torre\u00f3n, la cual dar\u00e1 inicio el pr\u00f3ximo 05 [&hellip;]<\/p>\n","protected":false},"author":1,"featured_media":24611,"comment_status":"open","ping_status":"open","sticky":false,"template":"","format":"standard","meta":{"_monsterinsights_skip_tracking":false,"_monsterinsights_sitenote_active":false,"_monsterinsights_sitenote_note":"","_monsterinsights_sitenote_category":0,"footnotes":""},"categories":[1],"tags":[],"_links":{"self":[{"href":"https:\/\/zonalimitrofe-cbnr.com\/index.php\/wp-json\/wp\/v2\/posts\/24610"}],"collection":[{"href":"https:\/\/zonalimitrofe-cbnr.com\/index.php\/wp-json\/wp\/v2\/posts"}],"about":[{"href":"https:\/\/zonalimitrofe-cbnr.com\/index.php\/wp-json\/wp\/v2\/types\/post"}],"author":[{"embeddable":true,"href":"https:\/\/zonalimitrofe-cbnr.com\/index.php\/wp-json\/wp\/v2\/users\/1"}],"replies":[{"embeddable":true,"href":"https:\/\/zonalimitrofe-cbnr.com\/index.php\/wp-json\/wp\/v2\/comments?post=24610"}],"version-history":[{"count":1,"href":"https:\/\/zonalimitrofe-cbnr.com\/index.php\/wp-json\/wp\/v2\/posts\/24610\/revisions"}],"predecessor-version":[{"id":24612,"href":"https:\/\/zonalimitrofe-cbnr.com\/index.php\/wp-json\/wp\/v2\/posts\/24610\/revisions\/24612"}],"wp:featuredmedia":[{"embeddable":true,"href":"https:\/\/zonalimitrofe-cbnr.com\/index.php\/wp-json\/wp\/v2\/media\/24611"}],"wp:attachment":[{"href":"https:\/\/zonalimitrofe-cbnr.com\/index.php\/wp-json\/wp\/v2\/media?parent=24610"}],"wp:term":[{"taxonomy":"category","embeddable":true,"href":"https:\/\/zonalimitrofe-cbnr.com\/index.php\/wp-json\/wp\/v2\/categories?post=24610"},{"taxonomy":"post_tag","embeddable":true,"href":"https:\/\/zonalimitrofe-cbnr.com\/index.php\/wp-json\/wp\/v2\/tags?post=24610"}],"curies":[{"name":"wp","href":"https:\/\/api.w.org\/{rel}","templated":true}]}}