{"id":2388,"date":"2024-03-01T20:44:08","date_gmt":"2024-03-02T02:44:08","guid":{"rendered":"https:\/\/zonalimitrofe-cbnr.com\/?p=2388"},"modified":"2024-03-01T20:44:09","modified_gmt":"2024-03-02T02:44:09","slug":"campanas2024-en-familia-paso-a-paso-por-saltillo-jerico-abramo","status":"publish","type":"post","link":"https:\/\/zonalimitrofe-cbnr.com\/index.php\/2024\/03\/01\/campanas2024-en-familia-paso-a-paso-por-saltillo-jerico-abramo\/","title":{"rendered":"#Campa\u00f1as2024. EN FAMILIA PASO A PASO POR SALTILLO, JERIC\u00d3 ABRAMO"},"content":{"rendered":"\n<p>Saltillo, Coahuila; 01 de marzo de 2024.- Con la firme idea de que la familia es uno de los pilares m\u00e1s importantes de la sociedad, Jeric\u00f3 Abramo Masso dio su primer paso en la campa\u00f1a con la pinta de la barda, un arte urbano que ya se ha convertido en una tradici\u00f3n en Saltillo.<\/p>\n\n\n\n<p>Ubicada sobre el Perif\u00e9rico Luis Echeverr\u00eda \u00c1lvarez, entre las calles Colombia y Montevideo, de la colonia Latinoamericana, el arte enaltece el amor por la familia, la uni\u00f3n entre las personas, pero sobre todo que esta campa\u00f1a por el Distrito 4 ser\u00e1 ciudadana.<\/p>\n\n\n\n<p>\u201cLa familia es y ser\u00e1 siempre para m\u00ed un pilar de mi esfuerzo, una motivaci\u00f3n para seguir trabajando por el bien com\u00fan, as\u00ed lo aprend\u00ed de mis padres y de mis abuelos; con profunda convicci\u00f3n lo transmito a mis hijos con valor y honestidad\u201d, coment\u00f3 Abramo Masso.<\/p>\n\n\n\n<p>El candidato a Diputado Federal coment\u00f3 que trabajar\u00e1 por un Coahuila seguro, en donde se fortalezca el desarrollo y el crecimiento econ\u00f3mico, de esta manera se mejorar\u00e1 la vida de las y los ciudadanos.<\/p>\n\n\n\n<p>\u201cRecorrer\u00e9 mi Distrito como siempre lo he hecho, cercano a la gente, paso a paso, con el \u00e1nimo de escuchar las inquietudes de todas las familias saltillenses; estoy convencido que con trabajo, responsabilidad y con honestidad, llegaremos a la meta para poder representar dignamente a todas y a todos\u201d, manifest\u00f3.<\/p>\n","protected":false},"excerpt":{"rendered":"<p>Saltillo, Coahuila; 01 de marzo de 2024.- Con la firme idea de que la familia es uno de los pilares m\u00e1s importantes de la sociedad, Jeric\u00f3 Abramo Masso dio su primer paso en la campa\u00f1a con la pinta de la barda, un arte urbano que ya se ha convertido en una tradici\u00f3n en Saltillo. Ubicada [&hellip;]<\/p>\n","protected":false},"author":1,"featured_media":2389,"comment_status":"open","ping_status":"open","sticky":false,"template":"","format":"standard","meta":{"_monsterinsights_skip_tracking":false,"_monsterinsights_sitenote_active":false,"_monsterinsights_sitenote_note":"","_monsterinsights_sitenote_category":0,"footnotes":""},"categories":[1],"tags":[],"_links":{"self":[{"href":"https:\/\/zonalimitrofe-cbnr.com\/index.php\/wp-json\/wp\/v2\/posts\/2388"}],"collection":[{"href":"https:\/\/zonalimitrofe-cbnr.com\/index.php\/wp-json\/wp\/v2\/posts"}],"about":[{"href":"https:\/\/zonalimitrofe-cbnr.com\/index.php\/wp-json\/wp\/v2\/types\/post"}],"author":[{"embeddable":true,"href":"https:\/\/zonalimitrofe-cbnr.com\/index.php\/wp-json\/wp\/v2\/users\/1"}],"replies":[{"embeddable":true,"href":"https:\/\/zonalimitrofe-cbnr.com\/index.php\/wp-json\/wp\/v2\/comments?post=2388"}],"version-history":[{"count":1,"href":"https:\/\/zonalimitrofe-cbnr.com\/index.php\/wp-json\/wp\/v2\/posts\/2388\/revisions"}],"predecessor-version":[{"id":2390,"href":"https:\/\/zonalimitrofe-cbnr.com\/index.php\/wp-json\/wp\/v2\/posts\/2388\/revisions\/2390"}],"wp:featuredmedia":[{"embeddable":true,"href":"https:\/\/zonalimitrofe-cbnr.com\/index.php\/wp-json\/wp\/v2\/media\/2389"}],"wp:attachment":[{"href":"https:\/\/zonalimitrofe-cbnr.com\/index.php\/wp-json\/wp\/v2\/media?parent=2388"}],"wp:term":[{"taxonomy":"category","embeddable":true,"href":"https:\/\/zonalimitrofe-cbnr.com\/index.php\/wp-json\/wp\/v2\/categories?post=2388"},{"taxonomy":"post_tag","embeddable":true,"href":"https:\/\/zonalimitrofe-cbnr.com\/index.php\/wp-json\/wp\/v2\/tags?post=2388"}],"curies":[{"name":"wp","href":"https:\/\/api.w.org\/{rel}","templated":true}]}}