{"id":23665,"date":"2025-08-07T13:59:48","date_gmt":"2025-08-07T19:59:48","guid":{"rendered":"https:\/\/zonalimitrofe-cbnr.com\/?p=23665"},"modified":"2025-08-07T13:59:48","modified_gmt":"2025-08-07T19:59:48","slug":"lerdo-realizan-poda-de-arboles-en-plaza-principal-representaban-riesgo-de-caida","status":"publish","type":"post","link":"https:\/\/zonalimitrofe-cbnr.com\/index.php\/2025\/08\/07\/lerdo-realizan-poda-de-arboles-en-plaza-principal-representaban-riesgo-de-caida\/","title":{"rendered":"#Lerdo. REALIZAN PODA DE \u00c1RBOLES EN PLAZA PRINCIPAL*- Representaban riesgo de ca\u00edda"},"content":{"rendered":"\n<p>Lerdo, 07 de agosto de 2025.- Por indicaciones del Presidente Municipal, Homero Mart\u00ednez Cabrera, la Direcci\u00f3n de Ecolog\u00eda y Medio Ambiente llev\u00f3 a cabo trabajos de poda de \u00e1rboles en la Plaza Principal, luego de que se detectara que representaban un riesgo de ca\u00edda debido a su deterioro. Estas labores se realizaron bajo la supervisi\u00f3n de Protecci\u00f3n Civil y el cuerpo de Bomberos.<\/p>\n\n\n\n<p>Ricardo D\u00edaz Segovia, titular de la dependencia de Medio Ambiente, inform\u00f3 que previamente se acordonaron las \u00e1reas de intervenci\u00f3n para delimitar el paso y garantizar la seguridad de los peatones. En total, se contempla la poda de aproximadamente 15 \u00e1rboles, debido a su altura, ser\u00e1 necesario el uso de gr\u00faa especializada.<\/p>\n\n\n\n<p>Los trabajos iniciaron desde el pasado lunes y continuar\u00e1n durante el transcurso de la semana, hasta completar la atenci\u00f3n total de los ejemplares se\u00f1alados.<\/p>\n\n\n\n<p>\u201cYa contamos con los dict\u00e1menes correspondientes que indican que estos 15 \u00e1rboles cumplieron con su ciclo de vida. Por factores clim\u00e1ticos, comenzaron a secarse y ahora representan un riesgo para la ciudadan\u00eda ante fuertes r\u00e1fagas de viento o lluvias\u201d, explic\u00f3 el funcionario.<\/p>\n\n\n\n<p>Asimismo, destac\u00f3 que estos \u00e1rboles ser\u00e1n reemplazados por nuevas especies, como parte de una jornada de reforestaci\u00f3n con \u00e1rboles t\u00edpicos de la regi\u00f3n, promoviendo as\u00ed el equilibrio ecol\u00f3gico en este espacio p\u00fablico.<\/p>\n","protected":false},"excerpt":{"rendered":"<p>Lerdo, 07 de agosto de 2025.- Por indicaciones del Presidente Municipal, Homero Mart\u00ednez Cabrera, la Direcci\u00f3n de Ecolog\u00eda y Medio Ambiente llev\u00f3 a cabo trabajos de poda de \u00e1rboles en la Plaza Principal, luego de que se detectara que representaban un riesgo de ca\u00edda debido a su deterioro. Estas labores se realizaron bajo la supervisi\u00f3n [&hellip;]<\/p>\n","protected":false},"author":1,"featured_media":23666,"comment_status":"open","ping_status":"open","sticky":false,"template":"","format":"standard","meta":{"_monsterinsights_skip_tracking":false,"_monsterinsights_sitenote_active":false,"_monsterinsights_sitenote_note":"","_monsterinsights_sitenote_category":0,"footnotes":""},"categories":[1],"tags":[],"_links":{"self":[{"href":"https:\/\/zonalimitrofe-cbnr.com\/index.php\/wp-json\/wp\/v2\/posts\/23665"}],"collection":[{"href":"https:\/\/zonalimitrofe-cbnr.com\/index.php\/wp-json\/wp\/v2\/posts"}],"about":[{"href":"https:\/\/zonalimitrofe-cbnr.com\/index.php\/wp-json\/wp\/v2\/types\/post"}],"author":[{"embeddable":true,"href":"https:\/\/zonalimitrofe-cbnr.com\/index.php\/wp-json\/wp\/v2\/users\/1"}],"replies":[{"embeddable":true,"href":"https:\/\/zonalimitrofe-cbnr.com\/index.php\/wp-json\/wp\/v2\/comments?post=23665"}],"version-history":[{"count":1,"href":"https:\/\/zonalimitrofe-cbnr.com\/index.php\/wp-json\/wp\/v2\/posts\/23665\/revisions"}],"predecessor-version":[{"id":23667,"href":"https:\/\/zonalimitrofe-cbnr.com\/index.php\/wp-json\/wp\/v2\/posts\/23665\/revisions\/23667"}],"wp:featuredmedia":[{"embeddable":true,"href":"https:\/\/zonalimitrofe-cbnr.com\/index.php\/wp-json\/wp\/v2\/media\/23666"}],"wp:attachment":[{"href":"https:\/\/zonalimitrofe-cbnr.com\/index.php\/wp-json\/wp\/v2\/media?parent=23665"}],"wp:term":[{"taxonomy":"category","embeddable":true,"href":"https:\/\/zonalimitrofe-cbnr.com\/index.php\/wp-json\/wp\/v2\/categories?post=23665"},{"taxonomy":"post_tag","embeddable":true,"href":"https:\/\/zonalimitrofe-cbnr.com\/index.php\/wp-json\/wp\/v2\/tags?post=23665"}],"curies":[{"name":"wp","href":"https:\/\/api.w.org\/{rel}","templated":true}]}}