{"id":23590,"date":"2025-08-05T19:30:57","date_gmt":"2025-08-06T01:30:57","guid":{"rendered":"https:\/\/zonalimitrofe-cbnr.com\/?p=23590"},"modified":"2025-08-05T19:30:57","modified_gmt":"2025-08-06T01:30:57","slug":"congresocoahuila-lleva-sergio-zenon-utiles-escolares-a-bajo-costo-para-apoyar-la-economia-familiar","status":"publish","type":"post","link":"https:\/\/zonalimitrofe-cbnr.com\/index.php\/2025\/08\/05\/congresocoahuila-lleva-sergio-zenon-utiles-escolares-a-bajo-costo-para-apoyar-la-economia-familiar\/","title":{"rendered":"#CongresoCoahuila. Lleva Sergio Zen\u00f3n \u00fatiles escolares a bajo costo para apoyar la econom\u00eda familiar"},"content":{"rendered":"\n<p>Nava, Coahuila 5 de agosto de 2025.- Con el objetivo de aliviar el gasto que representa el regreso a clases, el diputado del Distrito 3, Sergio Zen\u00f3n Vel\u00e1zquez V\u00e1zquez, encabez\u00f3 el arranque de la venta de \u00fatiles escolares a bajo costo, reafirmando su compromiso con las familias y comunidades de la regi\u00f3n. Gracias a su gesti\u00f3n y cercan\u00eda permanente con la gente, esta iniciativa se convierte en una soluci\u00f3n concreta a una de las necesidades m\u00e1s sentidas por las y los ciudadanos: el acceso a materiales escolares asequibles. Entre los art\u00edculos disponibles se encuentran cuadernos profesionales, l\u00e1pices, borradores, cajas de lapicera, entre otros. El evento cont\u00f3 con la presencia del Lic. Antero Alvarado Sald\u00edvar, subsecretario de Gobierno en la Regi\u00f3n 5 Manantiales, y de la Lic. Mari Carmen de Le\u00f3n, coordinadora regional de Mejora Coahuila, quienes reconocieron el esfuerzo del diputado para acercar este tipo de apoyos directamente a su comunidad. La venta se realiza en la oficina de gesti\u00f3n del diputado, y continuar\u00e1 hasta agotar existencias. Con acciones como esta, Sergio Zen\u00f3n reafirma que su trabajo legislativo va m\u00e1s all\u00e1 del Congreso, manteni\u00e9ndose cercano y activo en su distrito para atender las verdaderas necesidades de la gente.<\/p>\n","protected":false},"excerpt":{"rendered":"<p>Nava, Coahuila 5 de agosto de 2025.- Con el objetivo de aliviar el gasto que representa el regreso a clases, el diputado del Distrito 3, Sergio Zen\u00f3n Vel\u00e1zquez V\u00e1zquez, encabez\u00f3 el arranque de la venta de \u00fatiles escolares a bajo costo, reafirmando su compromiso con las familias y comunidades de la regi\u00f3n. Gracias a su [&hellip;]<\/p>\n","protected":false},"author":1,"featured_media":23591,"comment_status":"open","ping_status":"open","sticky":false,"template":"","format":"standard","meta":{"_monsterinsights_skip_tracking":false,"_monsterinsights_sitenote_active":false,"_monsterinsights_sitenote_note":"","_monsterinsights_sitenote_category":0,"footnotes":""},"categories":[1],"tags":[],"_links":{"self":[{"href":"https:\/\/zonalimitrofe-cbnr.com\/index.php\/wp-json\/wp\/v2\/posts\/23590"}],"collection":[{"href":"https:\/\/zonalimitrofe-cbnr.com\/index.php\/wp-json\/wp\/v2\/posts"}],"about":[{"href":"https:\/\/zonalimitrofe-cbnr.com\/index.php\/wp-json\/wp\/v2\/types\/post"}],"author":[{"embeddable":true,"href":"https:\/\/zonalimitrofe-cbnr.com\/index.php\/wp-json\/wp\/v2\/users\/1"}],"replies":[{"embeddable":true,"href":"https:\/\/zonalimitrofe-cbnr.com\/index.php\/wp-json\/wp\/v2\/comments?post=23590"}],"version-history":[{"count":1,"href":"https:\/\/zonalimitrofe-cbnr.com\/index.php\/wp-json\/wp\/v2\/posts\/23590\/revisions"}],"predecessor-version":[{"id":23592,"href":"https:\/\/zonalimitrofe-cbnr.com\/index.php\/wp-json\/wp\/v2\/posts\/23590\/revisions\/23592"}],"wp:featuredmedia":[{"embeddable":true,"href":"https:\/\/zonalimitrofe-cbnr.com\/index.php\/wp-json\/wp\/v2\/media\/23591"}],"wp:attachment":[{"href":"https:\/\/zonalimitrofe-cbnr.com\/index.php\/wp-json\/wp\/v2\/media?parent=23590"}],"wp:term":[{"taxonomy":"category","embeddable":true,"href":"https:\/\/zonalimitrofe-cbnr.com\/index.php\/wp-json\/wp\/v2\/categories?post=23590"},{"taxonomy":"post_tag","embeddable":true,"href":"https:\/\/zonalimitrofe-cbnr.com\/index.php\/wp-json\/wp\/v2\/tags?post=23590"}],"curies":[{"name":"wp","href":"https:\/\/api.w.org\/{rel}","templated":true}]}}