{"id":23562,"date":"2025-08-05T18:50:57","date_gmt":"2025-08-06T00:50:57","guid":{"rendered":"https:\/\/zonalimitrofe-cbnr.com\/?p=23562"},"modified":"2025-08-05T18:50:57","modified_gmt":"2025-08-06T00:50:57","slug":"lerdo-acudira-instituto-de-la-mujer-con-modulo-de-atencion-a-la-loma","status":"publish","type":"post","link":"https:\/\/zonalimitrofe-cbnr.com\/index.php\/2025\/08\/05\/lerdo-acudira-instituto-de-la-mujer-con-modulo-de-atencion-a-la-loma\/","title":{"rendered":"#Lerdo. ACUDIR\u00c1 INSTITUTO DE LA MUJER CON M\u00d3DULO DE ATENCI\u00d3N A LA LOMA*"},"content":{"rendered":"\n<p>Lerdo, 05 de agosto 2025.- La directora del Instituto Municipal de la Mujer (IMM), Mar\u00eda del Refugio Adame G\u00fcereca, anunci\u00f3 que el pr\u00f3ximo jueves 07 de agosto, el personal acudir\u00e1 a la Villa de La Loma con el M\u00f3dulo de Atenci\u00f3n Itinerante y la Loter\u00eda de la \u201cNo Violencia\u201d.<\/p>\n\n\n\n<p>Instal\u00e1ndose en el domo de la plaza principal de Villa La Loma, en un horario de 10:00 de la ma\u00f1ana a 12:00 del mediod\u00eda, se brindar\u00e1n los servicios gratuitos de atenci\u00f3n social, psicol\u00f3gica y asesor\u00eda jur\u00eddica.<\/p>\n\n\n\n<p>Adem\u00e1s, la titular del Instituto acudir\u00e1 para atender temas personales de la ciudadan\u00eda y promover las actividades y los servicios completamente gratuitos que se brindan en la dependencia municipal.<\/p>\n\n\n\n<p>A la par, a trav\u00e9s del juego de loter\u00eda, se informar\u00e1 a las presentes de la equidad de g\u00e9nero y la no violencia contra las mujeres, impulsando las mismas oportunidades, derechos y responsabilidades tanto para mujeres como para hombres y trabajando en equipo sociedad y gobierno para fortalecer el tejido social.<\/p>\n\n\n\n<p>La funcionaria resalt\u00f3 que, precisamente esa es la indicaci\u00f3n del Presidente Municipal, el Dr. Homero Mart\u00ednez Cabrera, velar por la seguridad de las lerdenses y fomentar entre la poblaci\u00f3n un ambiente de respeto e igualdad para garantizar el bienestar social y el desarrollo de una comunidad justa y equitativa.<\/p>\n","protected":false},"excerpt":{"rendered":"<p>Lerdo, 05 de agosto 2025.- La directora del Instituto Municipal de la Mujer (IMM), Mar\u00eda del Refugio Adame G\u00fcereca, anunci\u00f3 que el pr\u00f3ximo jueves 07 de agosto, el personal acudir\u00e1 a la Villa de La Loma con el M\u00f3dulo de Atenci\u00f3n Itinerante y la Loter\u00eda de la \u201cNo Violencia\u201d. Instal\u00e1ndose en el domo de la [&hellip;]<\/p>\n","protected":false},"author":1,"featured_media":23563,"comment_status":"open","ping_status":"open","sticky":false,"template":"","format":"standard","meta":{"_monsterinsights_skip_tracking":false,"_monsterinsights_sitenote_active":false,"_monsterinsights_sitenote_note":"","_monsterinsights_sitenote_category":0,"footnotes":""},"categories":[1],"tags":[],"_links":{"self":[{"href":"https:\/\/zonalimitrofe-cbnr.com\/index.php\/wp-json\/wp\/v2\/posts\/23562"}],"collection":[{"href":"https:\/\/zonalimitrofe-cbnr.com\/index.php\/wp-json\/wp\/v2\/posts"}],"about":[{"href":"https:\/\/zonalimitrofe-cbnr.com\/index.php\/wp-json\/wp\/v2\/types\/post"}],"author":[{"embeddable":true,"href":"https:\/\/zonalimitrofe-cbnr.com\/index.php\/wp-json\/wp\/v2\/users\/1"}],"replies":[{"embeddable":true,"href":"https:\/\/zonalimitrofe-cbnr.com\/index.php\/wp-json\/wp\/v2\/comments?post=23562"}],"version-history":[{"count":1,"href":"https:\/\/zonalimitrofe-cbnr.com\/index.php\/wp-json\/wp\/v2\/posts\/23562\/revisions"}],"predecessor-version":[{"id":23564,"href":"https:\/\/zonalimitrofe-cbnr.com\/index.php\/wp-json\/wp\/v2\/posts\/23562\/revisions\/23564"}],"wp:featuredmedia":[{"embeddable":true,"href":"https:\/\/zonalimitrofe-cbnr.com\/index.php\/wp-json\/wp\/v2\/media\/23563"}],"wp:attachment":[{"href":"https:\/\/zonalimitrofe-cbnr.com\/index.php\/wp-json\/wp\/v2\/media?parent=23562"}],"wp:term":[{"taxonomy":"category","embeddable":true,"href":"https:\/\/zonalimitrofe-cbnr.com\/index.php\/wp-json\/wp\/v2\/categories?post=23562"},{"taxonomy":"post_tag","embeddable":true,"href":"https:\/\/zonalimitrofe-cbnr.com\/index.php\/wp-json\/wp\/v2\/tags?post=23562"}],"curies":[{"name":"wp","href":"https:\/\/api.w.org\/{rel}","templated":true}]}}