{"id":23552,"date":"2025-08-05T18:44:08","date_gmt":"2025-08-06T00:44:08","guid":{"rendered":"https:\/\/zonalimitrofe-cbnr.com\/?p=23552"},"modified":"2025-08-05T18:44:08","modified_gmt":"2025-08-06T00:44:08","slug":"gp-dif-gomez-palacio-refuerza-la-proteccion-de-la-infancia-a-traves-de-la-procuraduria-de-ninas-ninos-y-adolescentes","status":"publish","type":"post","link":"https:\/\/zonalimitrofe-cbnr.com\/index.php\/2025\/08\/05\/gp-dif-gomez-palacio-refuerza-la-proteccion-de-la-infancia-a-traves-de-la-procuraduria-de-ninas-ninos-y-adolescentes\/","title":{"rendered":"#GP. DIF G\u00f3mez Palacio refuerza la protecci\u00f3n de la infancia a trav\u00e9s de la Procuradur\u00eda de Ni\u00f1as, Ni\u00f1os y Adolescentes*"},"content":{"rendered":"\n<p>En estricto apego a la Convenci\u00f3n sobre los Derechos del Ni\u00f1o, el Ayuntamiento de G\u00f3mez Palacio, a trav\u00e9s del Sistema para el Desarrollo Integral de la Familia (DIF), brinda atenci\u00f3n integral a ni\u00f1as, ni\u00f1os y adolescentes mediante la Procuradur\u00eda de Protecci\u00f3n de Ni\u00f1as, Ni\u00f1os y Adolescentes.<\/p>\n\n\n\n<p>Esta instancia especializada ofrece servicios jur\u00eddicos, sociales y psicol\u00f3gicos a menores en situaci\u00f3n de riesgo o vulnerabilidad, con el respaldo de un equipo profesional altamente capacitado y comprometido con el bienestar infantil.<\/p>\n\n\n\n<p>Brenda Calder\u00f3n Carrete, directora del DIF Municipal, destac\u00f3 que la Procuradur\u00eda se encuentra dentro de las instalaciones del DIF y tiene como objetivo principal salvaguardar los derechos de la infancia gomezpalatina, ofreciendo representaci\u00f3n legal gratuita y promoviendo la restituci\u00f3n de derechos en los casos que as\u00ed lo requieran.<\/p>\n\n\n\n<p>\u201cEl compromiso del DIF, desde el inicio de la administraci\u00f3n encabezada por la Presidenta Municipal Leticia Herrera Ale, ha sido velar por la integridad de ni\u00f1as, ni\u00f1os y adolescentes, generando entornos seguros que favorezcan su desarrollo pleno\u201d, afirm\u00f3 Calder\u00f3n Carrete.<\/p>\n\n\n\n<p>Asimismo, explic\u00f3 que la Procuradur\u00eda trabaja activamente en la regularizaci\u00f3n jur\u00eddica de menores que se encuentran en espera de ser reintegrados a sus hogares o en proceso de adopci\u00f3n, garantizando en todo momento su protecci\u00f3n y el cumplimiento de sus derechos.<\/p>\n\n\n\n<p>Finalmente, invit\u00f3 a la ciudadan\u00eda a acercarse en caso de requerir informaci\u00f3n o atenci\u00f3n. La Procuradur\u00eda de Protecci\u00f3n de Ni\u00f1as, Ni\u00f1os y Adolescentes se ubica en el bulevar Ej\u00e9rcito Mexicano No. 528, a un costado del nuevo Hospital General, con horario de atenci\u00f3n de lunes a viernes, de 8:00 a 16:00 horas.<\/p>\n","protected":false},"excerpt":{"rendered":"<p>En estricto apego a la Convenci\u00f3n sobre los Derechos del Ni\u00f1o, el Ayuntamiento de G\u00f3mez Palacio, a trav\u00e9s del Sistema para el Desarrollo Integral de la Familia (DIF), brinda atenci\u00f3n integral a ni\u00f1as, ni\u00f1os y adolescentes mediante la Procuradur\u00eda de Protecci\u00f3n de Ni\u00f1as, Ni\u00f1os y Adolescentes. Esta instancia especializada ofrece servicios jur\u00eddicos, sociales y psicol\u00f3gicos [&hellip;]<\/p>\n","protected":false},"author":1,"featured_media":23553,"comment_status":"open","ping_status":"open","sticky":false,"template":"","format":"standard","meta":{"_monsterinsights_skip_tracking":false,"_monsterinsights_sitenote_active":false,"_monsterinsights_sitenote_note":"","_monsterinsights_sitenote_category":0,"footnotes":""},"categories":[1],"tags":[],"_links":{"self":[{"href":"https:\/\/zonalimitrofe-cbnr.com\/index.php\/wp-json\/wp\/v2\/posts\/23552"}],"collection":[{"href":"https:\/\/zonalimitrofe-cbnr.com\/index.php\/wp-json\/wp\/v2\/posts"}],"about":[{"href":"https:\/\/zonalimitrofe-cbnr.com\/index.php\/wp-json\/wp\/v2\/types\/post"}],"author":[{"embeddable":true,"href":"https:\/\/zonalimitrofe-cbnr.com\/index.php\/wp-json\/wp\/v2\/users\/1"}],"replies":[{"embeddable":true,"href":"https:\/\/zonalimitrofe-cbnr.com\/index.php\/wp-json\/wp\/v2\/comments?post=23552"}],"version-history":[{"count":1,"href":"https:\/\/zonalimitrofe-cbnr.com\/index.php\/wp-json\/wp\/v2\/posts\/23552\/revisions"}],"predecessor-version":[{"id":23554,"href":"https:\/\/zonalimitrofe-cbnr.com\/index.php\/wp-json\/wp\/v2\/posts\/23552\/revisions\/23554"}],"wp:featuredmedia":[{"embeddable":true,"href":"https:\/\/zonalimitrofe-cbnr.com\/index.php\/wp-json\/wp\/v2\/media\/23553"}],"wp:attachment":[{"href":"https:\/\/zonalimitrofe-cbnr.com\/index.php\/wp-json\/wp\/v2\/media?parent=23552"}],"wp:term":[{"taxonomy":"category","embeddable":true,"href":"https:\/\/zonalimitrofe-cbnr.com\/index.php\/wp-json\/wp\/v2\/categories?post=23552"},{"taxonomy":"post_tag","embeddable":true,"href":"https:\/\/zonalimitrofe-cbnr.com\/index.php\/wp-json\/wp\/v2\/tags?post=23552"}],"curies":[{"name":"wp","href":"https:\/\/api.w.org\/{rel}","templated":true}]}}