{"id":23535,"date":"2025-08-04T14:50:51","date_gmt":"2025-08-04T20:50:51","guid":{"rendered":"https:\/\/zonalimitrofe-cbnr.com\/?p=23535"},"modified":"2025-08-04T14:50:51","modified_gmt":"2025-08-04T20:50:51","slug":"lerdo-sostiene-homero-martinez-reunion-con-su-gabinete-municipal","status":"publish","type":"post","link":"https:\/\/zonalimitrofe-cbnr.com\/index.php\/2025\/08\/04\/lerdo-sostiene-homero-martinez-reunion-con-su-gabinete-municipal\/","title":{"rendered":"#Lerdo. SOSTIENE HOMERO MART\u00cdNEZ REUNI\u00d3N CON SU GABINETE MUNICIPAL*"},"content":{"rendered":"\n<p>Lerdo, 04 de agosto 2025.\u2013 Este lunes, en el Despacho Presidencial, el Presidente Municipal de Lerdo, Homero Mart\u00ednez Cabrera, sostuvo una reuni\u00f3n de trabajo con su gabinete, con motivo del regreso del periodo vacacional. Durante el encuentro, el edil exhort\u00f3 a los directores a redoblar esfuerzos y continuar trabajando de manera responsable rumbo al cierre de la administraci\u00f3n 2022\u20132025.<\/p>\n\n\n\n<p>En el marco de la pr\u00f3xima presentaci\u00f3n del informe de gobierno, Mart\u00ednez Cabrera pidi\u00f3 a los funcionarios replicar el mensaje entre su personal, con el objetivo de mantener el compromiso de servicio hasta el \u00faltimo d\u00eda de su gesti\u00f3n, brindando atenci\u00f3n oportuna a los reportes ciudadanos, servicios p\u00fablicos y llamadas de emergencia.<\/p>\n\n\n\n<p>Asimismo, destac\u00f3 que durante el mes de agosto se estar\u00e1n concretando diversas obras y proyectos de inversi\u00f3n en beneficio del municipio, gracias al respaldo del Gobernador del Estado, Esteban Villegas Villarreal.<\/p>\n\n\n\n<p>Finalmente, el Alcalde gir\u00f3 instrucciones precisas al Contralor Municipal Alonzo Villalobos, para garantizar que el proceso de entrega-recepci\u00f3n se lleve a cabo en tiempo y forma, bajo la supervisi\u00f3n de la Contralor\u00eda y con la participaci\u00f3n de todas las direcciones municipales.<\/p>\n","protected":false},"excerpt":{"rendered":"<p>Lerdo, 04 de agosto 2025.\u2013 Este lunes, en el Despacho Presidencial, el Presidente Municipal de Lerdo, Homero Mart\u00ednez Cabrera, sostuvo una reuni\u00f3n de trabajo con su gabinete, con motivo del regreso del periodo vacacional. Durante el encuentro, el edil exhort\u00f3 a los directores a redoblar esfuerzos y continuar trabajando de manera responsable rumbo al cierre [&hellip;]<\/p>\n","protected":false},"author":1,"featured_media":23536,"comment_status":"open","ping_status":"open","sticky":false,"template":"","format":"standard","meta":{"_monsterinsights_skip_tracking":false,"_monsterinsights_sitenote_active":false,"_monsterinsights_sitenote_note":"","_monsterinsights_sitenote_category":0,"footnotes":""},"categories":[1],"tags":[],"_links":{"self":[{"href":"https:\/\/zonalimitrofe-cbnr.com\/index.php\/wp-json\/wp\/v2\/posts\/23535"}],"collection":[{"href":"https:\/\/zonalimitrofe-cbnr.com\/index.php\/wp-json\/wp\/v2\/posts"}],"about":[{"href":"https:\/\/zonalimitrofe-cbnr.com\/index.php\/wp-json\/wp\/v2\/types\/post"}],"author":[{"embeddable":true,"href":"https:\/\/zonalimitrofe-cbnr.com\/index.php\/wp-json\/wp\/v2\/users\/1"}],"replies":[{"embeddable":true,"href":"https:\/\/zonalimitrofe-cbnr.com\/index.php\/wp-json\/wp\/v2\/comments?post=23535"}],"version-history":[{"count":1,"href":"https:\/\/zonalimitrofe-cbnr.com\/index.php\/wp-json\/wp\/v2\/posts\/23535\/revisions"}],"predecessor-version":[{"id":23537,"href":"https:\/\/zonalimitrofe-cbnr.com\/index.php\/wp-json\/wp\/v2\/posts\/23535\/revisions\/23537"}],"wp:featuredmedia":[{"embeddable":true,"href":"https:\/\/zonalimitrofe-cbnr.com\/index.php\/wp-json\/wp\/v2\/media\/23536"}],"wp:attachment":[{"href":"https:\/\/zonalimitrofe-cbnr.com\/index.php\/wp-json\/wp\/v2\/media?parent=23535"}],"wp:term":[{"taxonomy":"category","embeddable":true,"href":"https:\/\/zonalimitrofe-cbnr.com\/index.php\/wp-json\/wp\/v2\/categories?post=23535"},{"taxonomy":"post_tag","embeddable":true,"href":"https:\/\/zonalimitrofe-cbnr.com\/index.php\/wp-json\/wp\/v2\/tags?post=23535"}],"curies":[{"name":"wp","href":"https:\/\/api.w.org\/{rel}","templated":true}]}}