{"id":2353,"date":"2024-03-01T16:04:02","date_gmt":"2024-03-01T22:04:02","guid":{"rendered":"https:\/\/zonalimitrofe-cbnr.com\/?p=2353"},"modified":"2024-03-01T16:04:02","modified_gmt":"2024-03-01T22:04:02","slug":"lerdo-20-de-marzo-desfile-de-la-primavera","status":"publish","type":"post","link":"https:\/\/zonalimitrofe-cbnr.com\/index.php\/2024\/03\/01\/lerdo-20-de-marzo-desfile-de-la-primavera\/","title":{"rendered":"#Lerdo. 20 de marzo, Desfile de la Primavera."},"content":{"rendered":"\n<p>Ante la afluencia de m\u00e1s de 4 mil espectadores que acudieron al desfile de inicio de la primavera el a\u00f1o pasado, las direcciones de Protecci\u00f3n Civil, Seguridad P\u00fablica, Educaci\u00f3n, Salud, Tr\u00e1nsito y Vialidad, Instituto del Deporte y la SEP se preparan para recibir este a\u00f1o una afluencia mayor.<\/p>\n\n\n\n<p>El desfile se desarrollar\u00e1 el mi\u00e9rcoles 20 de marzo, partiendo a las 9:00 de la ma\u00f1ana del parque Victoria, por la avenida Francisco Sarabia.<\/p>\n\n\n\n<p>En esta ocasi\u00f3n, el contingente participante retornar\u00e1 por la calle Hidalgo, con el fin de prevenir cualquier accidente ante los trabajos de demolici\u00f3n que se realizan en las vialidades Sarabia y Allende.<\/p>\n\n\n\n<p>El evento concluir\u00e1 en el mismo parque Victoria, por la avenida Francisco I, Madero. Hasta el momento, se tiene programada la participaci\u00f3n de 28 preescolares y estancias infantiles.<\/p>\n\n\n\n<p>Por cuestiones de seguridad de los infantes, las avenidas Sarabia y Madero, mantendr\u00e1n cerrado el paso vehicular durante el evento, as\u00ed mismo, se limitar\u00e1 la circulaci\u00f3n por las calles que cruzan estas vialidades, contando con la presencia de agentes de tr\u00e1nsito.<\/p>\n\n\n\n<p>Cabe hacer menci\u00f3n que para este prop\u00f3sito se llev\u00f3 a cabo una reuni\u00f3n en el lobby del Teatro Hermila Galindo, con los jardines de ni\u00f1os, donde se abordaron los detalles del programa y los protocolos de seguridad.<\/p>\n","protected":false},"excerpt":{"rendered":"<p>Ante la afluencia de m\u00e1s de 4 mil espectadores que acudieron al desfile de inicio de la primavera el a\u00f1o pasado, las direcciones de Protecci\u00f3n Civil, Seguridad P\u00fablica, Educaci\u00f3n, Salud, Tr\u00e1nsito y Vialidad, Instituto del Deporte y la SEP se preparan para recibir este a\u00f1o una afluencia mayor. El desfile se desarrollar\u00e1 el mi\u00e9rcoles 20 [&hellip;]<\/p>\n","protected":false},"author":1,"featured_media":2354,"comment_status":"open","ping_status":"open","sticky":false,"template":"","format":"standard","meta":{"_monsterinsights_skip_tracking":false,"_monsterinsights_sitenote_active":false,"_monsterinsights_sitenote_note":"","_monsterinsights_sitenote_category":0,"footnotes":""},"categories":[1],"tags":[],"_links":{"self":[{"href":"https:\/\/zonalimitrofe-cbnr.com\/index.php\/wp-json\/wp\/v2\/posts\/2353"}],"collection":[{"href":"https:\/\/zonalimitrofe-cbnr.com\/index.php\/wp-json\/wp\/v2\/posts"}],"about":[{"href":"https:\/\/zonalimitrofe-cbnr.com\/index.php\/wp-json\/wp\/v2\/types\/post"}],"author":[{"embeddable":true,"href":"https:\/\/zonalimitrofe-cbnr.com\/index.php\/wp-json\/wp\/v2\/users\/1"}],"replies":[{"embeddable":true,"href":"https:\/\/zonalimitrofe-cbnr.com\/index.php\/wp-json\/wp\/v2\/comments?post=2353"}],"version-history":[{"count":1,"href":"https:\/\/zonalimitrofe-cbnr.com\/index.php\/wp-json\/wp\/v2\/posts\/2353\/revisions"}],"predecessor-version":[{"id":2355,"href":"https:\/\/zonalimitrofe-cbnr.com\/index.php\/wp-json\/wp\/v2\/posts\/2353\/revisions\/2355"}],"wp:featuredmedia":[{"embeddable":true,"href":"https:\/\/zonalimitrofe-cbnr.com\/index.php\/wp-json\/wp\/v2\/media\/2354"}],"wp:attachment":[{"href":"https:\/\/zonalimitrofe-cbnr.com\/index.php\/wp-json\/wp\/v2\/media?parent=2353"}],"wp:term":[{"taxonomy":"category","embeddable":true,"href":"https:\/\/zonalimitrofe-cbnr.com\/index.php\/wp-json\/wp\/v2\/categories?post=2353"},{"taxonomy":"post_tag","embeddable":true,"href":"https:\/\/zonalimitrofe-cbnr.com\/index.php\/wp-json\/wp\/v2\/tags?post=2353"}],"curies":[{"name":"wp","href":"https:\/\/api.w.org\/{rel}","templated":true}]}}