{"id":23514,"date":"2025-08-04T13:47:47","date_gmt":"2025-08-04T19:47:47","guid":{"rendered":"https:\/\/zonalimitrofe-cbnr.com\/?p=23514"},"modified":"2025-08-04T13:47:47","modified_gmt":"2025-08-04T19:47:47","slug":"gp-impulsan-lectura-y-creatividad-en-gomez-palacio-con-curso-mis-vacaciones-en-la-biblioteca","status":"publish","type":"post","link":"https:\/\/zonalimitrofe-cbnr.com\/index.php\/2025\/08\/04\/gp-impulsan-lectura-y-creatividad-en-gomez-palacio-con-curso-mis-vacaciones-en-la-biblioteca\/","title":{"rendered":"#GP. Impulsan lectura y creatividad en G\u00f3mez Palacio con curso \u201cMis Vacaciones en la Biblioteca\u201d*"},"content":{"rendered":"\n<p>Con gran entusiasmo por parte de la ni\u00f1ez gomezpalatina, el Ayuntamiento de G\u00f3mez Palacio, a trav\u00e9s de la Direcci\u00f3n de Arte y Cultura, puso en marcha el curso de verano \u201cMis Vacaciones en la Biblioteca\u201d, una iniciativa que busca fomentar la lectura, la creatividad y la convivencia sana durante el receso escolar. El programa inici\u00f3 el pasado 28 de julio y concluir\u00e1 el 8 de agosto, ofreciendo diversos talleres dise\u00f1ados para incentivar el h\u00e1bito lector de manera divertida y din\u00e1mica.<\/p>\n\n\n\n<p>Melissa Reuter P\u00e9rez, directora de la dependencia, inform\u00f3 que esta actividad est\u00e1 orientada principalmente a ni\u00f1as y ni\u00f1os, quienes podr\u00e1n participar en din\u00e1micas como Huateque de Palabras, Acuerdo para la Convivencia, Piqu\u00edn de Versos y Sones, Retratos de Familia, Factor Sorpresa y Sue\u00f1os de Tinta y Papel.<\/p>\n\n\n\n<p>\u201cSiguiendo la instrucci\u00f3n de la Presidenta Municipal, Leticia Herrera Ale, estamos comprometidos con brindar espacios seguros de recreaci\u00f3n durante las vacaciones, que no solo entretengan, sino que tambi\u00e9n eduquen, refuercen el gusto por la lectura y promuevan el respeto por el entorno\u201d, expres\u00f3 la funcionaria.<\/p>\n\n\n\n<p>Asimismo, invit\u00f3 a madres, padres y tutores a acercarse a las bibliotecas participantes, ya que a\u00fan hay lugares disponibles. Los talleres, completamente gratuitos, se desarrollan en bibliotecas municipales, aprovechando sus instalaciones y el ambiente id\u00f3neo para el aprendizaje.<\/p>\n\n\n\n<p>Bibliotecas sede del programa:<\/p>\n\n\n\n<p>Urbanas:<\/p>\n\n\n\n<p>Francisco Zarco Mateos \u2013 Centro de Convenciones Fco. Zarco<\/p>\n\n\n\n<p>Jos\u00e9 Revueltas \u2013 Col. Felipe \u00c1ngeles<\/p>\n\n\n\n<p>Armando del Castillo Franco \u2013 Col. Los \u00c1lamos<\/p>\n\n\n\n<p>Juan F. Brittingham \u2013 Parque La Esperanza<\/p>\n\n\n\n<p>Rurales:<\/p>\n\n\n\n<p>Centro Cultural Dolores \u2013 Ejido 6 de Octubre<\/p>\n\n\n\n<p>Juana Villalobos<\/p>\n\n\n\n<p>Salvador Maldonado Ibarra \u2013 Poblado El 7<\/p>\n\n\n\n<p>Ana Mar\u00eda Flores S\u00e1nchez \u2013 Gregorio Garc\u00eda<\/p>\n","protected":false},"excerpt":{"rendered":"<p>Con gran entusiasmo por parte de la ni\u00f1ez gomezpalatina, el Ayuntamiento de G\u00f3mez Palacio, a trav\u00e9s de la Direcci\u00f3n de Arte y Cultura, puso en marcha el curso de verano \u201cMis Vacaciones en la Biblioteca\u201d, una iniciativa que busca fomentar la lectura, la creatividad y la convivencia sana durante el receso escolar. El programa inici\u00f3 [&hellip;]<\/p>\n","protected":false},"author":1,"featured_media":23515,"comment_status":"open","ping_status":"open","sticky":false,"template":"","format":"standard","meta":{"_monsterinsights_skip_tracking":false,"_monsterinsights_sitenote_active":false,"_monsterinsights_sitenote_note":"","_monsterinsights_sitenote_category":0,"footnotes":""},"categories":[1],"tags":[],"_links":{"self":[{"href":"https:\/\/zonalimitrofe-cbnr.com\/index.php\/wp-json\/wp\/v2\/posts\/23514"}],"collection":[{"href":"https:\/\/zonalimitrofe-cbnr.com\/index.php\/wp-json\/wp\/v2\/posts"}],"about":[{"href":"https:\/\/zonalimitrofe-cbnr.com\/index.php\/wp-json\/wp\/v2\/types\/post"}],"author":[{"embeddable":true,"href":"https:\/\/zonalimitrofe-cbnr.com\/index.php\/wp-json\/wp\/v2\/users\/1"}],"replies":[{"embeddable":true,"href":"https:\/\/zonalimitrofe-cbnr.com\/index.php\/wp-json\/wp\/v2\/comments?post=23514"}],"version-history":[{"count":1,"href":"https:\/\/zonalimitrofe-cbnr.com\/index.php\/wp-json\/wp\/v2\/posts\/23514\/revisions"}],"predecessor-version":[{"id":23516,"href":"https:\/\/zonalimitrofe-cbnr.com\/index.php\/wp-json\/wp\/v2\/posts\/23514\/revisions\/23516"}],"wp:featuredmedia":[{"embeddable":true,"href":"https:\/\/zonalimitrofe-cbnr.com\/index.php\/wp-json\/wp\/v2\/media\/23515"}],"wp:attachment":[{"href":"https:\/\/zonalimitrofe-cbnr.com\/index.php\/wp-json\/wp\/v2\/media?parent=23514"}],"wp:term":[{"taxonomy":"category","embeddable":true,"href":"https:\/\/zonalimitrofe-cbnr.com\/index.php\/wp-json\/wp\/v2\/categories?post=23514"},{"taxonomy":"post_tag","embeddable":true,"href":"https:\/\/zonalimitrofe-cbnr.com\/index.php\/wp-json\/wp\/v2\/tags?post=23514"}],"curies":[{"name":"wp","href":"https:\/\/api.w.org\/{rel}","templated":true}]}}