{"id":23480,"date":"2025-08-03T13:55:03","date_gmt":"2025-08-03T19:55:03","guid":{"rendered":"https:\/\/zonalimitrofe-cbnr.com\/?p=23480"},"modified":"2025-08-03T13:55:03","modified_gmt":"2025-08-03T19:55:03","slug":"gp-brinda-dif-gomez-palacio-servicios-de-corte-de-cabello-gratuito-a-personas-en-situacion-vulnerable","status":"publish","type":"post","link":"https:\/\/zonalimitrofe-cbnr.com\/index.php\/2025\/08\/03\/gp-brinda-dif-gomez-palacio-servicios-de-corte-de-cabello-gratuito-a-personas-en-situacion-vulnerable\/","title":{"rendered":"#GP. Brinda DIF G\u00f3mez Palacio servicios de corte de cabello gratuito a personas en situaci\u00f3n vulnerable*"},"content":{"rendered":"\n<p>Con el compromiso de atender a los sectores m\u00e1s vulnerables de la poblaci\u00f3n, el Ayuntamiento de G\u00f3mez Palacio, a trav\u00e9s del Sistema para el Desarrollo Integral de la Familia (DIF), contin\u00faa ofreciendo cortes de cabello gratuitos a adultos mayores del Asilo Municipal, ni\u00f1as y ni\u00f1os del Internado Francisco Zarco, as\u00ed como a personas que acuden a las brigadas m\u00f3viles, gracias al trabajo conjunto con el Taller de Belleza del Centro de Capacitaci\u00f3n para la Protecci\u00f3n a la Infancia (CCPI).<\/p>\n\n\n\n<p>Brenda Calder\u00f3n Carrete, directora del DIF, record\u00f3 que, por instrucciones de la Presidenta Municipal Leticia Herrera Ale, este servicio tambi\u00e9n se ha extendido a colonias y ejidos del municipio. Asimismo, se brinda atenci\u00f3n directamente en el Taller de Belleza del CCPI, como parte de las acciones de inclusi\u00f3n y atenci\u00f3n integral dirigidas a quienes m\u00e1s lo necesitan.<\/p>\n\n\n\n<p>La funcionaria destac\u00f3 que esta labor, aunque sencilla en apariencia, tiene un impacto significativo en la autoestima y el bienestar emocional de quienes reciben el corte de cabello, en especial menores y adultos mayores que, en muchas ocasiones, no tienen acceso a servicios b\u00e1sicos de higiene personal.<\/p>\n\n\n\n<p>Durante las visitas de la Brigada M\u00f3vil DIF a comunidades rurales y colonias, la maestra Carmen Mijares, junto con un grupo de j\u00f3venes del Programa de Atenci\u00f3n a Menores en Riesgo (PAMAR), realiza cortes, despuntes y afeitados para hombres, mujeres y ni\u00f1os de todas las edades. Esta actividad no solo atiende una necesidad b\u00e1sica, sino que tambi\u00e9n promueve la participaci\u00f3n juvenil en acciones solidarias y formativas.<\/p>\n\n\n\n<p>Adem\u00e1s, esta estrategia ha contribuido a fortalecer el tejido social, al propiciar encuentros comunitarios donde se fomenta el respeto, la empat\u00eda y la colaboraci\u00f3n entre vecinos.<\/p>\n","protected":false},"excerpt":{"rendered":"<p>Con el compromiso de atender a los sectores m\u00e1s vulnerables de la poblaci\u00f3n, el Ayuntamiento de G\u00f3mez Palacio, a trav\u00e9s del Sistema para el Desarrollo Integral de la Familia (DIF), contin\u00faa ofreciendo cortes de cabello gratuitos a adultos mayores del Asilo Municipal, ni\u00f1as y ni\u00f1os del Internado Francisco Zarco, as\u00ed como a personas que acuden [&hellip;]<\/p>\n","protected":false},"author":1,"featured_media":23481,"comment_status":"open","ping_status":"open","sticky":false,"template":"","format":"standard","meta":{"_monsterinsights_skip_tracking":false,"_monsterinsights_sitenote_active":false,"_monsterinsights_sitenote_note":"","_monsterinsights_sitenote_category":0,"footnotes":""},"categories":[1],"tags":[],"_links":{"self":[{"href":"https:\/\/zonalimitrofe-cbnr.com\/index.php\/wp-json\/wp\/v2\/posts\/23480"}],"collection":[{"href":"https:\/\/zonalimitrofe-cbnr.com\/index.php\/wp-json\/wp\/v2\/posts"}],"about":[{"href":"https:\/\/zonalimitrofe-cbnr.com\/index.php\/wp-json\/wp\/v2\/types\/post"}],"author":[{"embeddable":true,"href":"https:\/\/zonalimitrofe-cbnr.com\/index.php\/wp-json\/wp\/v2\/users\/1"}],"replies":[{"embeddable":true,"href":"https:\/\/zonalimitrofe-cbnr.com\/index.php\/wp-json\/wp\/v2\/comments?post=23480"}],"version-history":[{"count":1,"href":"https:\/\/zonalimitrofe-cbnr.com\/index.php\/wp-json\/wp\/v2\/posts\/23480\/revisions"}],"predecessor-version":[{"id":23482,"href":"https:\/\/zonalimitrofe-cbnr.com\/index.php\/wp-json\/wp\/v2\/posts\/23480\/revisions\/23482"}],"wp:featuredmedia":[{"embeddable":true,"href":"https:\/\/zonalimitrofe-cbnr.com\/index.php\/wp-json\/wp\/v2\/media\/23481"}],"wp:attachment":[{"href":"https:\/\/zonalimitrofe-cbnr.com\/index.php\/wp-json\/wp\/v2\/media?parent=23480"}],"wp:term":[{"taxonomy":"category","embeddable":true,"href":"https:\/\/zonalimitrofe-cbnr.com\/index.php\/wp-json\/wp\/v2\/categories?post=23480"},{"taxonomy":"post_tag","embeddable":true,"href":"https:\/\/zonalimitrofe-cbnr.com\/index.php\/wp-json\/wp\/v2\/tags?post=23480"}],"curies":[{"name":"wp","href":"https:\/\/api.w.org\/{rel}","templated":true}]}}