{"id":2347,"date":"2024-03-01T15:56:21","date_gmt":"2024-03-01T21:56:21","guid":{"rendered":"https:\/\/zonalimitrofe-cbnr.com\/?p=2347"},"modified":"2024-03-01T15:56:21","modified_gmt":"2024-03-01T21:56:21","slug":"uadec-congreso-digna-rabia-en-el-marco-de-la-conmemoracion-del-dia-internacional-de-la-mujer","status":"publish","type":"post","link":"https:\/\/zonalimitrofe-cbnr.com\/index.php\/2024\/03\/01\/uadec-congreso-digna-rabia-en-el-marco-de-la-conmemoracion-del-dia-internacional-de-la-mujer\/","title":{"rendered":"#UAdeC. Congreso \u201cDigna Rabia\u201d en el Marco de la Conmemoraci\u00f3n del D\u00eda Internacional de la Mujer"},"content":{"rendered":"\n<p>TORRE\u00d3N, Coahuila. 1 de marzo de 2024. Con el objetivo de sumar y proporcionar herramientas contra la violencia de g\u00e9nero, la Coordinaci\u00f3n Unidad Torre\u00f3n de la Universidad Aut\u00f3noma de Coahuila, a trav\u00e9s del Programa de Asesor\u00eda Psicol\u00f3gica realiz\u00f3 el congreso \u201cDigna Rabia\u201d, en el que fueron impartidas conferencias y talleres en v\u00edsperas de la conmemoraci\u00f3n del D\u00eda Internacional de la Mujer.<\/p>\n\n\n\n<p>En el evento realizado en la Infoteca \u201cLe\u00f3n Felipe\u201d de Ciudad Universitaria, se cont\u00f3 con la presencia de la coordinadora de la Unidad Torre\u00f3n, Sandra L\u00f3pez Chavarr\u00eda; las directoras de las Facultades de Econom\u00eda y Mercadotecnia, Grace Aileen Ruiz Santoyo; de la Escuela de Ciencias de la Comunidad, Gabriela Perales Garc\u00eda; de la Escuela de Sistemas, Ana Carolina Mel\u00e9ndez Gurrola; de la Facultad de Ciencias Biol\u00f3gicas, Erika Flores Loyola, as\u00ed como docentes y alumnas.<\/p>\n\n\n\n<p>En su mensaje, la coordinadora de la Unidad Torre\u00f3n, Sandra L\u00f3pez Chavarr\u00eda, se\u00f1al\u00f3 que el Congreso denominado &#8220;Digna Rabia&#8221;, tiene la finalidad de reflexionar y actuar en conjunto por un mundo donde las mujeres y las ni\u00f1as gocen de igualdad y oportunidades, libres de violencia y discriminaci\u00f3n.<\/p>\n\n\n\n<p>Agreg\u00f3 que, en el contexto de la conmemoraci\u00f3n del 8 de marzo, conocido como el &#8220;D\u00eda Internacional de la Mujer&#8221;, se debe reflexionar sobre los avances y retos en la promoci\u00f3n de los derechos de las mujeres, por ello las aportaciones de las conferencistas y talleristas de este Congreso reafirman el compromiso de la construcci\u00f3n de un mundo donde la dignidad y los derechos de las mujeres sean respetados y protegidos.<\/p>\n\n\n\n<p>Asimismo, subray\u00f3 que &#8220;la igualdad y el empoderamiento de las mujeres son esenciales para un desarrollo inclusivo y sostenible, siendo este el prop\u00f3sito central de este Congreso&#8221;.<\/p>\n\n\n\n<p>Las actividades del Congreso \u201cDigna Rabia\u201d comenzaron con la conferencia magistral que lleva el mismo nombre, a cargo de la Dra. Ariadne Enriqueta Lamont Mart\u00ednez, feminista e integrante del del colectivo de Activistas Feministas de la Laguna y del colectivo Justicieras por nuestras infancias.<\/p>\n\n\n\n<p>En su conferencia, manifest\u00f3 que la digna rabia es una expresi\u00f3n colectiva que refleja la indignaci\u00f3n y resistencia frente a las injusticias y desigualdades de g\u00e9nero, y busca exigir derechos negados; \u201cEs un sentimiento que surge como respuesta a la opresi\u00f3n y la discriminaci\u00f3n de las mujeres\u201d, se\u00f1al\u00f3.<\/p>\n\n\n\n<p>Posteriormente, fueron impartidos los talleres \u201c\u00bfC\u00f3mo sobrevivir al estr\u00e9s postraum\u00e1tico?\u201d, a cargo de la Lic. Elidia Triana Carrillo, jefa de Psicolog\u00eda del Centro de Justicia y Empoderamiento para las Mujeres; as\u00ed como \u201cEl ABC para defenderme de la violencia de g\u00e9nero\u201d, por la Lic. Sof\u00eda Jaqueline D\u00edaz Lozano, cofundadora de la Colectiva Abogadas Laguneras.<\/p>\n\n\n\n<p>Para finalizar el evento, se ofreci\u00f3 la conferencia \u201cRompiendo mis estereotipos para recuperar mi libertad\u201d a cargo de la Lic. Ana Karen Villegas Salas, coordinadora de Transversalidad de Perspectiva de G\u00e9nero en el Instituto Municipal de la Mujer del Ayuntamiento de Torre\u00f3n.<\/p>\n","protected":false},"excerpt":{"rendered":"<p>TORRE\u00d3N, Coahuila. 1 de marzo de 2024. Con el objetivo de sumar y proporcionar herramientas contra la violencia de g\u00e9nero, la Coordinaci\u00f3n Unidad Torre\u00f3n de la Universidad Aut\u00f3noma de Coahuila, a trav\u00e9s del Programa de Asesor\u00eda Psicol\u00f3gica realiz\u00f3 el congreso \u201cDigna Rabia\u201d, en el que fueron impartidas conferencias y talleres en v\u00edsperas de la conmemoraci\u00f3n [&hellip;]<\/p>\n","protected":false},"author":1,"featured_media":2348,"comment_status":"open","ping_status":"open","sticky":false,"template":"","format":"standard","meta":{"_monsterinsights_skip_tracking":false,"_monsterinsights_sitenote_active":false,"_monsterinsights_sitenote_note":"","_monsterinsights_sitenote_category":0,"footnotes":""},"categories":[1],"tags":[],"_links":{"self":[{"href":"https:\/\/zonalimitrofe-cbnr.com\/index.php\/wp-json\/wp\/v2\/posts\/2347"}],"collection":[{"href":"https:\/\/zonalimitrofe-cbnr.com\/index.php\/wp-json\/wp\/v2\/posts"}],"about":[{"href":"https:\/\/zonalimitrofe-cbnr.com\/index.php\/wp-json\/wp\/v2\/types\/post"}],"author":[{"embeddable":true,"href":"https:\/\/zonalimitrofe-cbnr.com\/index.php\/wp-json\/wp\/v2\/users\/1"}],"replies":[{"embeddable":true,"href":"https:\/\/zonalimitrofe-cbnr.com\/index.php\/wp-json\/wp\/v2\/comments?post=2347"}],"version-history":[{"count":1,"href":"https:\/\/zonalimitrofe-cbnr.com\/index.php\/wp-json\/wp\/v2\/posts\/2347\/revisions"}],"predecessor-version":[{"id":2349,"href":"https:\/\/zonalimitrofe-cbnr.com\/index.php\/wp-json\/wp\/v2\/posts\/2347\/revisions\/2349"}],"wp:featuredmedia":[{"embeddable":true,"href":"https:\/\/zonalimitrofe-cbnr.com\/index.php\/wp-json\/wp\/v2\/media\/2348"}],"wp:attachment":[{"href":"https:\/\/zonalimitrofe-cbnr.com\/index.php\/wp-json\/wp\/v2\/media?parent=2347"}],"wp:term":[{"taxonomy":"category","embeddable":true,"href":"https:\/\/zonalimitrofe-cbnr.com\/index.php\/wp-json\/wp\/v2\/categories?post=2347"},{"taxonomy":"post_tag","embeddable":true,"href":"https:\/\/zonalimitrofe-cbnr.com\/index.php\/wp-json\/wp\/v2\/tags?post=2347"}],"curies":[{"name":"wp","href":"https:\/\/api.w.org\/{rel}","templated":true}]}}