{"id":23467,"date":"2025-08-02T17:04:39","date_gmt":"2025-08-02T23:04:39","guid":{"rendered":"https:\/\/zonalimitrofe-cbnr.com\/?p=23467"},"modified":"2025-08-02T17:04:40","modified_gmt":"2025-08-02T23:04:40","slug":"coahuila-gobierno-del-estado-ha-acercado-mas-de-12-mil-empleos-a-coahuilenses-en-este-ano","status":"publish","type":"post","link":"https:\/\/zonalimitrofe-cbnr.com\/index.php\/2025\/08\/02\/coahuila-gobierno-del-estado-ha-acercado-mas-de-12-mil-empleos-a-coahuilenses-en-este-ano\/","title":{"rendered":"#Coahuila. GOBIERNO DEL ESTADO HA ACERCADO M\u00c1S DE 12 MIL EMPLEOS A COAHUILENSES EN ESTE A\u00d1O"},"content":{"rendered":"\n<p>\u00b7 Gracias a 13 Ferias y 159 Jornadas de empleo, se atendieron a buscadores de empleo<\/p>\n\n\n\n<p>Saltillo, Coahuila; 02 de agosto de 2025.- Las empresas instaladas en Coahuila contin\u00faan ofertando vacantes en empleos formales, y en los que va de este a\u00f1o, el gobierno que encabeza Manolo Jim\u00e9nez Salinas, logr\u00f3 vincular a m\u00e1s de 12 mil coahuilenses que buscaron colocarse en un empleo que otorga todos los beneficios de un trabajo formal.<\/p>\n\n\n\n<p>En lo que va del 2025 se han realizado 13 Ferias de empleo en los municipios de Saltillo, Torre\u00f3n, Monclova, Piedras Negras, Ramos Arizpe y San Pedro de las colonias, adem\u00e1s de Jornadas de empleo en todas las regiones del estado.<\/p>\n\n\n\n<p>La Secretaria del Trabajo, Nazira Zogbi Castro, explic\u00f3 que gracias a las 159 Jornadas de Empleo realizadas este a\u00f1o se logr\u00f3 acercar a plazas p\u00fablicas, centros comerciales y a las propias instalaciones de la Secretar\u00eda del Trabajo, oportunidades de trabajo, sin tener que esperar a la organizaci\u00f3n de un evento masivo de vinculaci\u00f3n laboral.<\/p>\n\n\n\n<p>Recientemente, en Saltillo se realiz\u00f3 una Mega Feria de Empleo con m\u00e1s de 3 mil 200 vacantes, en 100 empresas a los m\u00e1s de 1,500 ciudadanos de la regi\u00f3n sureste que asistieron al evento.<\/p>\n\n\n\n<p>Zogbi Castro, mencion\u00f3 que la pol\u00edtica laboral y econ\u00f3mica que ha dise\u00f1ado el gobernador Manolo Jim\u00e9nez Salinas, permite ofrecer empleos de calidad, bien remunerados y con esto, dar soluciones a los retos que presenta el entorno global actual.<\/p>\n\n\n\n<p>Durante estos grandes eventos de vinculaci\u00f3n se han ofertado vacantes con sueldos de hasta 63 mil pesos mensuales en puestos como contralor; 53 mil para gerente de producci\u00f3n, entre otras ofertas con sueldos atractivos.<\/p>\n\n\n\n<p>Zogbi Castro, agradeci\u00f3 a las empresas que conf\u00edan en el talento de la fuerza laboral coahuilense y en el gobierno que encabeza Manolo Jim\u00e9nez Salinas para apoyar en los procesos de contrataci\u00f3n.<\/p>\n\n\n\n<p>\u201cSin duda, el empleo es el mejor programa social al que pueden las personas acceder, ya que adem\u00e1s de un sueldo, tienen derecho a la seguridad social, servicios de salud y crediticios\u201d afirm\u00f3 Nazira Zogbi.<\/p>\n\n\n\n<p>La secretaria del trabajo resalt\u00f3 que un gran porcentaje de las vacantes est\u00e1n abiertas para mujeres, adultos mayores, personas con discapacidad y j\u00f3venes sin experiencia laboral, y destac\u00f3 que la cantidad ofertada en estos eventos resalta el dinamismo de la econom\u00eda \u201cEn Coahuila las empresas siguen confiando y siguen contratando talento, \u00e9sta es una prueba de ello, pues la gran cantidad de empresas que participan y la cantidad de vacantes demuestran que en Coahuila hay chamba\u201d.<\/p>\n\n\n\n<p>El Gobierno de Coahuila continuar\u00e1 trabajando para acercar las oportunidades de trabajo a todas las personas que est\u00e9n en busca de un empleo formal que les permita acceder a una mejor calidad de vida y a prestaciones sociales y servicios de salud.<\/p>\n","protected":false},"excerpt":{"rendered":"<p>\u00b7 Gracias a 13 Ferias y 159 Jornadas de empleo, se atendieron a buscadores de empleo Saltillo, Coahuila; 02 de agosto de 2025.- Las empresas instaladas en Coahuila contin\u00faan ofertando vacantes en empleos formales, y en los que va de este a\u00f1o, el gobierno que encabeza Manolo Jim\u00e9nez Salinas, logr\u00f3 vincular a m\u00e1s de 12 [&hellip;]<\/p>\n","protected":false},"author":1,"featured_media":23469,"comment_status":"open","ping_status":"open","sticky":false,"template":"","format":"standard","meta":{"_monsterinsights_skip_tracking":false,"_monsterinsights_sitenote_active":false,"_monsterinsights_sitenote_note":"","_monsterinsights_sitenote_category":0,"footnotes":""},"categories":[1],"tags":[],"_links":{"self":[{"href":"https:\/\/zonalimitrofe-cbnr.com\/index.php\/wp-json\/wp\/v2\/posts\/23467"}],"collection":[{"href":"https:\/\/zonalimitrofe-cbnr.com\/index.php\/wp-json\/wp\/v2\/posts"}],"about":[{"href":"https:\/\/zonalimitrofe-cbnr.com\/index.php\/wp-json\/wp\/v2\/types\/post"}],"author":[{"embeddable":true,"href":"https:\/\/zonalimitrofe-cbnr.com\/index.php\/wp-json\/wp\/v2\/users\/1"}],"replies":[{"embeddable":true,"href":"https:\/\/zonalimitrofe-cbnr.com\/index.php\/wp-json\/wp\/v2\/comments?post=23467"}],"version-history":[{"count":1,"href":"https:\/\/zonalimitrofe-cbnr.com\/index.php\/wp-json\/wp\/v2\/posts\/23467\/revisions"}],"predecessor-version":[{"id":23470,"href":"https:\/\/zonalimitrofe-cbnr.com\/index.php\/wp-json\/wp\/v2\/posts\/23467\/revisions\/23470"}],"wp:featuredmedia":[{"embeddable":true,"href":"https:\/\/zonalimitrofe-cbnr.com\/index.php\/wp-json\/wp\/v2\/media\/23469"}],"wp:attachment":[{"href":"https:\/\/zonalimitrofe-cbnr.com\/index.php\/wp-json\/wp\/v2\/media?parent=23467"}],"wp:term":[{"taxonomy":"category","embeddable":true,"href":"https:\/\/zonalimitrofe-cbnr.com\/index.php\/wp-json\/wp\/v2\/categories?post=23467"},{"taxonomy":"post_tag","embeddable":true,"href":"https:\/\/zonalimitrofe-cbnr.com\/index.php\/wp-json\/wp\/v2\/tags?post=23467"}],"curies":[{"name":"wp","href":"https:\/\/api.w.org\/{rel}","templated":true}]}}