{"id":23445,"date":"2025-08-02T16:46:33","date_gmt":"2025-08-02T22:46:33","guid":{"rendered":"https:\/\/zonalimitrofe-cbnr.com\/?p=23445"},"modified":"2025-08-02T16:46:34","modified_gmt":"2025-08-02T22:46:34","slug":"gp-invita-ayuntamiento-a-integrarse-al-coro-de-la-escuela-municipal-de-musica-silvestre-revueltas","status":"publish","type":"post","link":"https:\/\/zonalimitrofe-cbnr.com\/index.php\/2025\/08\/02\/gp-invita-ayuntamiento-a-integrarse-al-coro-de-la-escuela-municipal-de-musica-silvestre-revueltas\/","title":{"rendered":"#GP. Invita Ayuntamiento a integrarse al Coro de la Escuela Municipal de M\u00fasica Silvestre Revueltas*"},"content":{"rendered":"\n<p>Con el objetivo de fomentar el talento art\u00edstico y ofrecer espacios de expresi\u00f3n cultural, el Ayuntamiento de G\u00f3mez Palacio, a trav\u00e9s de la Direcci\u00f3n de Arte y Cultura, convoca a la ciudadan\u00eda a formar parte del Coro de la Escuela Municipal de M\u00fasica Silvestre Revueltas, iniciativa dirigida a personas a partir de los 15 a\u00f1os de edad.<\/p>\n\n\n\n<p>Melisa Reuter P\u00e9rez, titular de Arte y Cultura, destac\u00f3 que este proyecto busca ofrecer a los participantes la oportunidad de integrarse a un ensamble vocal, en el cual podr\u00e1n desarrollar habilidades musicales, aprender t\u00e9cnicas de canto coral y convivir con personas que comparten su gusto por la m\u00fasica.<\/p>\n\n\n\n<p>La funcionaria subray\u00f3 que, gracias al respaldo de la Presidenta Municipal Leticia Herrera Ale, esta propuesta se concreta como parte del compromiso de la actual administraci\u00f3n por fortalecer el acceso al arte y la cultura como herramientas de aprendizaje, desarrollo personal y cohesi\u00f3n social.<\/p>\n\n\n\n<p>\u201cQueremos que m\u00e1s gomezpalatinos encuentren en el arte un espacio para crecer, expresarse y compartir con los dem\u00e1s. Este coro es una excelente opci\u00f3n tanto para quienes desean iniciarse en la m\u00fasica como para quienes ya cuentan con experiencia\u201d, se\u00f1al\u00f3 Reuter P\u00e9rez.<\/p>\n\n\n\n<p>Los ensayos est\u00e1n organizados por secciones: los lunes ensayan las voces masculinas, los martes las femeninas y los jueves se realizan los ensayos generales, en un horario de 6:00 a 8:00 de la tarde. La convocatoria est\u00e1 abierta a todo p\u00fablico, sin necesidad de contar con conocimientos musicales previos.<\/p>\n\n\n\n<p>Quienes se integren al coro tendr\u00e1n la oportunidad de participar en eventos culturales, recitales y conciertos, representando al municipio en distintos foros y celebraciones art\u00edsticas.<\/p>\n\n\n\n<p>Para mayores informes, las y los interesados pueden acudir directamente a la Escuela de M\u00fasica Silvestre Revueltas, ubicada en el Centro de Convenciones Francisco Zarco, o comunicarse al tel\u00e9fono 871 688 3879.<\/p>\n","protected":false},"excerpt":{"rendered":"<p>Con el objetivo de fomentar el talento art\u00edstico y ofrecer espacios de expresi\u00f3n cultural, el Ayuntamiento de G\u00f3mez Palacio, a trav\u00e9s de la Direcci\u00f3n de Arte y Cultura, convoca a la ciudadan\u00eda a formar parte del Coro de la Escuela Municipal de M\u00fasica Silvestre Revueltas, iniciativa dirigida a personas a partir de los 15 a\u00f1os [&hellip;]<\/p>\n","protected":false},"author":1,"featured_media":23446,"comment_status":"open","ping_status":"open","sticky":false,"template":"","format":"standard","meta":{"_monsterinsights_skip_tracking":false,"_monsterinsights_sitenote_active":false,"_monsterinsights_sitenote_note":"","_monsterinsights_sitenote_category":0,"footnotes":""},"categories":[1],"tags":[],"_links":{"self":[{"href":"https:\/\/zonalimitrofe-cbnr.com\/index.php\/wp-json\/wp\/v2\/posts\/23445"}],"collection":[{"href":"https:\/\/zonalimitrofe-cbnr.com\/index.php\/wp-json\/wp\/v2\/posts"}],"about":[{"href":"https:\/\/zonalimitrofe-cbnr.com\/index.php\/wp-json\/wp\/v2\/types\/post"}],"author":[{"embeddable":true,"href":"https:\/\/zonalimitrofe-cbnr.com\/index.php\/wp-json\/wp\/v2\/users\/1"}],"replies":[{"embeddable":true,"href":"https:\/\/zonalimitrofe-cbnr.com\/index.php\/wp-json\/wp\/v2\/comments?post=23445"}],"version-history":[{"count":1,"href":"https:\/\/zonalimitrofe-cbnr.com\/index.php\/wp-json\/wp\/v2\/posts\/23445\/revisions"}],"predecessor-version":[{"id":23447,"href":"https:\/\/zonalimitrofe-cbnr.com\/index.php\/wp-json\/wp\/v2\/posts\/23445\/revisions\/23447"}],"wp:featuredmedia":[{"embeddable":true,"href":"https:\/\/zonalimitrofe-cbnr.com\/index.php\/wp-json\/wp\/v2\/media\/23446"}],"wp:attachment":[{"href":"https:\/\/zonalimitrofe-cbnr.com\/index.php\/wp-json\/wp\/v2\/media?parent=23445"}],"wp:term":[{"taxonomy":"category","embeddable":true,"href":"https:\/\/zonalimitrofe-cbnr.com\/index.php\/wp-json\/wp\/v2\/categories?post=23445"},{"taxonomy":"post_tag","embeddable":true,"href":"https:\/\/zonalimitrofe-cbnr.com\/index.php\/wp-json\/wp\/v2\/tags?post=23445"}],"curies":[{"name":"wp","href":"https:\/\/api.w.org\/{rel}","templated":true}]}}