{"id":23436,"date":"2025-08-01T18:19:47","date_gmt":"2025-08-02T00:19:47","guid":{"rendered":"https:\/\/zonalimitrofe-cbnr.com\/?p=23436"},"modified":"2025-08-01T18:19:47","modified_gmt":"2025-08-02T00:19:47","slug":"durango-un-acierto-las-acciones-de-prevencion-contra-el-dengue-del-gobierno-de-esteban-villegas-en-coordinacion-con-las-autoridades-municipales","status":"publish","type":"post","link":"https:\/\/zonalimitrofe-cbnr.com\/index.php\/2025\/08\/01\/durango-un-acierto-las-acciones-de-prevencion-contra-el-dengue-del-gobierno-de-esteban-villegas-en-coordinacion-con-las-autoridades-municipales\/","title":{"rendered":"#Durango. Un acierto las acciones de prevenci\u00f3n contra el dengue del gobierno de Esteban Villegas en coordinaci\u00f3n con las autoridades municipales"},"content":{"rendered":"\n<p>\u2022 La Laguna de Durango est\u00e1 libre de dengue, gracias a las acciones de prevenci\u00f3n<\/p>\n\n\n\n<p>Comarca Lagunera.- Como \u201cun acierto\u201d calific\u00f3 Jos\u00e9 Antonio Adame de Le\u00f3n, jefe de la Jurisdicci\u00f3n Sanitaria n\u00famero 2 de G\u00f3mez Palacio, las acciones de prevenci\u00f3n emprendidas contra el dengue, por del gobierno de Esteban Villegas Villarreal, a trav\u00e9s de la Secretar\u00eda de Salud en Durango (SSD) en coordinaci\u00f3n con las autoridades municipales de la zona conurbada de la laguna, pues a la fecha no se tienen casos de dengue registrados.<\/p>\n\n\n\n<p>\u201cA pesar de que nos sorprendi\u00f3 el temporal lluvioso de las \u00faltimas semanas, un reporte de la SSD en Durango de esta semana somos la \u00fanica Jurisdicci\u00f3n Sanitaria que no tienen casos activos de dengue, por lo que agradezco al gobernador Esteban, al secretario de Salud, Mois\u00e9s N\u00e1jera, a la alcaldesa de G\u00f3mez Palacio, Lety Herrera, en especial por dar todo su apoyo para emprender, desde el mes de enero de este a\u00f1o las acciones de prevenci\u00f3n, lo que nos tienen con estos buenos resultados\u201d enfatiz\u00f3.<\/p>\n\n\n\n<p>Jos\u00e9 Antonio Adame de Le\u00f3n, record\u00f3 que en el 2024 la Laguna de Durango tuvo 1,008 casos de dengue y en comparaci\u00f3n con el mismo periodo (enero-junio) se ten\u00edan contabilizados 700 casos, cuando en el 2025 no se ha registrado ning\u00fan caso. Puntualiz\u00f3 que en lo que va del a\u00f1o se presentaron tres pacientes sospechosos, mismos que fueron descartados.<\/p>\n\n\n\n<p>El jefe de la Jurisdicci\u00f3n Sanitaria N\u00b02 agreg\u00f3 que \u201cnosotros nos basamos por las ovitrampas de Vectores y los reportes ciudadanos de la presencia de mosquitos. Cuando vemos que las ovitrampas est\u00e1n llenas de insectos, de inmediato acudimos a verificar la zona, en caso de tener pacientes sospechosos procedemos a implementar el cerco sanitario aislando el hogar e inspeccionar las casas a la redonda o a la manzana para erradicar a los mosquitos\u201d explic\u00f3.&nbsp;<\/p>\n\n\n\n<p>Confirm\u00f3 que, indudablemente la participaci\u00f3n ciudadana en las acciones de descacharrizaci\u00f3n de patios y azoteas donde pueda hacer criaderos del insecto, ha sido muy valiosa. Asegur\u00f3 que, de continuar este comportamiento ciudadano y la coordinaci\u00f3n con las presidencias municipales y del Instituto Triling\u00fce&nbsp;<\/p>\n\n\n\n<p>en estas acciones que son contin\u00faas, no debemos tener casos graves de dengue en lo que resta del a\u00f1o.&nbsp;<\/p>\n\n\n\n<p>Adame de Le\u00f3n exhorto a la poblaci\u00f3n a no automedicarse y en caso de presentar cuadros de aumento de fiebre, malestar general del cuerpo, dolor de huesos, debilitamiento generalizado, acudir de inmediato al m\u00e9dico o al Centro de Salud m\u00e1s cercano para una adecuada valoraci\u00f3n y tratamiento.&nbsp;<\/p>\n\n\n\n<p>Finalmente, coment\u00f3 que, en el caso del agua que se acumula en los canales de riego del Distrito de Riego 017 de la Conagua tras el cierre del ciclo agr\u00edcola, se fumigar\u00e1n con la autorizaci\u00f3n de la dependencia federal.&nbsp;<\/p>\n","protected":false},"excerpt":{"rendered":"<p>\u2022 La Laguna de Durango est\u00e1 libre de dengue, gracias a las acciones de prevenci\u00f3n Comarca Lagunera.- Como \u201cun acierto\u201d calific\u00f3 Jos\u00e9 Antonio Adame de Le\u00f3n, jefe de la Jurisdicci\u00f3n Sanitaria n\u00famero 2 de G\u00f3mez Palacio, las acciones de prevenci\u00f3n emprendidas contra el dengue, por del gobierno de Esteban Villegas Villarreal, a trav\u00e9s de la [&hellip;]<\/p>\n","protected":false},"author":1,"featured_media":23437,"comment_status":"open","ping_status":"open","sticky":false,"template":"","format":"standard","meta":{"_monsterinsights_skip_tracking":false,"_monsterinsights_sitenote_active":false,"_monsterinsights_sitenote_note":"","_monsterinsights_sitenote_category":0,"footnotes":""},"categories":[1],"tags":[],"_links":{"self":[{"href":"https:\/\/zonalimitrofe-cbnr.com\/index.php\/wp-json\/wp\/v2\/posts\/23436"}],"collection":[{"href":"https:\/\/zonalimitrofe-cbnr.com\/index.php\/wp-json\/wp\/v2\/posts"}],"about":[{"href":"https:\/\/zonalimitrofe-cbnr.com\/index.php\/wp-json\/wp\/v2\/types\/post"}],"author":[{"embeddable":true,"href":"https:\/\/zonalimitrofe-cbnr.com\/index.php\/wp-json\/wp\/v2\/users\/1"}],"replies":[{"embeddable":true,"href":"https:\/\/zonalimitrofe-cbnr.com\/index.php\/wp-json\/wp\/v2\/comments?post=23436"}],"version-history":[{"count":1,"href":"https:\/\/zonalimitrofe-cbnr.com\/index.php\/wp-json\/wp\/v2\/posts\/23436\/revisions"}],"predecessor-version":[{"id":23438,"href":"https:\/\/zonalimitrofe-cbnr.com\/index.php\/wp-json\/wp\/v2\/posts\/23436\/revisions\/23438"}],"wp:featuredmedia":[{"embeddable":true,"href":"https:\/\/zonalimitrofe-cbnr.com\/index.php\/wp-json\/wp\/v2\/media\/23437"}],"wp:attachment":[{"href":"https:\/\/zonalimitrofe-cbnr.com\/index.php\/wp-json\/wp\/v2\/media?parent=23436"}],"wp:term":[{"taxonomy":"category","embeddable":true,"href":"https:\/\/zonalimitrofe-cbnr.com\/index.php\/wp-json\/wp\/v2\/categories?post=23436"},{"taxonomy":"post_tag","embeddable":true,"href":"https:\/\/zonalimitrofe-cbnr.com\/index.php\/wp-json\/wp\/v2\/tags?post=23436"}],"curies":[{"name":"wp","href":"https:\/\/api.w.org\/{rel}","templated":true}]}}