{"id":23430,"date":"2025-08-01T18:15:52","date_gmt":"2025-08-02T00:15:52","guid":{"rendered":"https:\/\/zonalimitrofe-cbnr.com\/?p=23430"},"modified":"2025-08-01T18:15:53","modified_gmt":"2025-08-02T00:15:53","slug":"torreon-fortalecen-acciones-conjuntas-de-reforestacion-a-traves-del-programa-de-servicio-comunitario","status":"publish","type":"post","link":"https:\/\/zonalimitrofe-cbnr.com\/index.php\/2025\/08\/01\/torreon-fortalecen-acciones-conjuntas-de-reforestacion-a-traves-del-programa-de-servicio-comunitario\/","title":{"rendered":"#Torre\u00f3n. Fortalecen acciones conjuntas de reforestaci\u00f3n a trav\u00e9s del programa de servicio comunitario"},"content":{"rendered":"\n<p>Torre\u00f3n, Coahuila a 1 de agosto del 2025<\/p>\n\n\n\n<p>Con el objetivo de consolidar nuevos proyectos de reforestaci\u00f3n en \u00e1reas prioritarias de la ciudad, a trav\u00e9s de acciones que mejoren el entorno urbano y fomenten la corresponsabilidad ciudadana, el Centro de Justicia Municipal (CJM) se suma con el programa de servicio comunitario.<\/p>\n\n\n\n<p>En ese sentido, la directora del CJM, Martha Rodr\u00edguez Romero, inform\u00f3 que sostuvo una reuni\u00f3n de coordinaci\u00f3n con Mois\u00e9s Adame, secretario de Asuntos Pol\u00edticos del Gobierno del Estado, as\u00ed como con representantes de la secci\u00f3n 74 del sindicato MET-MEX Pe\u00f1oles.<\/p>\n\n\n\n<p>Detall\u00f3 que durante el encuentro se acord\u00f3 fortalecer las acciones conjuntas que favorezcan el entorno urbano, y explic\u00f3 que el Sistema de Justicia C\u00edvica que opera en Torre\u00f3n, lleva un enfoque restaurativo en el que las personas detenidas bajo determinados criterios, pueden cumplir sus horas de arresto con servicio comunitario, como es sumarse a los programas de reforestaci\u00f3n.<\/p>\n\n\n\n<p>Destac\u00f3 que en lo que va del a\u00f1o, el Centro de Justicia Municipal ha llevado a cabo cinco jornadas de reforestaci\u00f3n como medida correctiva de quienes cometieron una falta administrativa.<\/p>\n\n\n\n<p>\u201cEstas jornadas no s\u00f3lo contribuyen a mejorar el entorno urbano, sino que tambi\u00e9n generan conciencia en las personas que participan, al integrarse de forma activa en acciones de beneficio colectivo\u201d, se\u00f1al\u00f3.<\/p>\n\n\n\n<p>Rodr\u00edguez Romero indic\u00f3 que las actividades de reforestaci\u00f3n por parte del CJM, se han desarrollado en espacios previamente identificados por su necesidad de intervenci\u00f3n ambiental y social, permitiendo que el servicio comunitario tenga un impacto directo y positivo en la comunidad.<\/p>\n\n\n\n<p>Estas acciones promueven una visi\u00f3n m\u00e1s humana de la justicia c\u00edvica, priorizando la rehabilitaci\u00f3n, la responsabilidad social y el fortalecimiento del tejido comunitario.<\/p>\n\n\n\n<p>Adem\u00e1s, resalt\u00f3 que se mantiene una l\u00ednea constante de vinculaci\u00f3n con organismos estatales, instituciones educativas, asociaciones civiles y empresas socialmente responsables, lo cual ha permitido ampliar el alcance de sus programas con un enfoque colaborativo, como parte de las l\u00edneas de acci\u00f3n de la Administraci\u00f3n Mu<\/p>\n","protected":false},"excerpt":{"rendered":"<p>Torre\u00f3n, Coahuila a 1 de agosto del 2025 Con el objetivo de consolidar nuevos proyectos de reforestaci\u00f3n en \u00e1reas prioritarias de la ciudad, a trav\u00e9s de acciones que mejoren el entorno urbano y fomenten la corresponsabilidad ciudadana, el Centro de Justicia Municipal (CJM) se suma con el programa de servicio comunitario. En ese sentido, la [&hellip;]<\/p>\n","protected":false},"author":1,"featured_media":23431,"comment_status":"open","ping_status":"open","sticky":false,"template":"","format":"standard","meta":{"_monsterinsights_skip_tracking":false,"_monsterinsights_sitenote_active":false,"_monsterinsights_sitenote_note":"","_monsterinsights_sitenote_category":0,"footnotes":""},"categories":[1],"tags":[],"_links":{"self":[{"href":"https:\/\/zonalimitrofe-cbnr.com\/index.php\/wp-json\/wp\/v2\/posts\/23430"}],"collection":[{"href":"https:\/\/zonalimitrofe-cbnr.com\/index.php\/wp-json\/wp\/v2\/posts"}],"about":[{"href":"https:\/\/zonalimitrofe-cbnr.com\/index.php\/wp-json\/wp\/v2\/types\/post"}],"author":[{"embeddable":true,"href":"https:\/\/zonalimitrofe-cbnr.com\/index.php\/wp-json\/wp\/v2\/users\/1"}],"replies":[{"embeddable":true,"href":"https:\/\/zonalimitrofe-cbnr.com\/index.php\/wp-json\/wp\/v2\/comments?post=23430"}],"version-history":[{"count":1,"href":"https:\/\/zonalimitrofe-cbnr.com\/index.php\/wp-json\/wp\/v2\/posts\/23430\/revisions"}],"predecessor-version":[{"id":23432,"href":"https:\/\/zonalimitrofe-cbnr.com\/index.php\/wp-json\/wp\/v2\/posts\/23430\/revisions\/23432"}],"wp:featuredmedia":[{"embeddable":true,"href":"https:\/\/zonalimitrofe-cbnr.com\/index.php\/wp-json\/wp\/v2\/media\/23431"}],"wp:attachment":[{"href":"https:\/\/zonalimitrofe-cbnr.com\/index.php\/wp-json\/wp\/v2\/media?parent=23430"}],"wp:term":[{"taxonomy":"category","embeddable":true,"href":"https:\/\/zonalimitrofe-cbnr.com\/index.php\/wp-json\/wp\/v2\/categories?post=23430"},{"taxonomy":"post_tag","embeddable":true,"href":"https:\/\/zonalimitrofe-cbnr.com\/index.php\/wp-json\/wp\/v2\/tags?post=23430"}],"curies":[{"name":"wp","href":"https:\/\/api.w.org\/{rel}","templated":true}]}}